{"id":20479,"date":"2022-08-09T15:43:00","date_gmt":"2022-08-09T13:43:00","guid":{"rendered":"https:\/\/www.officemadrid.es\/?p=20479"},"modified":"2025-02-26T16:50:26","modified_gmt":"2025-02-26T15:50:26","slug":"las-tendencias-en-el-diseno-de-oficinas-y-espacios-flexibles","status":"publish","type":"post","link":"https:\/\/www.officemadrid.es\/en\/las-tendencias-en-el-diseno-de-oficinas-y-espacios-flexibles\/","title":{"rendered":"Las tendencias en el dise\u00f1o de oficinas y espacios flexibles"},"content":{"rendered":"\n<p>Comienza septiembre, la vuelta a la oficina tras las vacaciones de verano y con ello las nuevas tendencias de dise\u00f1o de oficinas. Este \u00faltimo trimestre del a\u00f1o se centra en crear el espacio de trabajo ideal a trav\u00e9s de la funcionalidad, la creatividad y la eficiencia.<\/p>\n\n\n\n<p>Tanto si trabajas en una oficina como en un business center, te mostramos las siguientes tendencias, recopiladas por los mejores expertos en<strong> decoraci\u00f3n y en <a href=\"https:\/\/www.decoracionlafontana.com\/\" target=\"_blank\" rel=\"noreferrer noopener\">papel pintado en Madrid<\/a><\/strong>: <\/p>\n\n\n\n<p><strong>1. La oficina como centro de atenci\u00f3n<\/strong><\/p>\n\n\n\n<p>Las reformas de oficinas est\u00e1n orientadas hacia la innovaci\u00f3n, la conversaci\u00f3n entre empleados y las reuniones con los clientes. Las salas de trabajo son cada vez m\u00e1s importantes que los despachos individuales, al igual que las salas de conferencias.<\/p>\n\n\n\n<p><strong>2. Estilo moderno y limpio<\/strong><\/p>\n\n\n\n<p>El estilo moderno es imprescindible. Inspirado en la filosof\u00eda del arquitecto Louis Sullivan, padre de la arquitectura modernista, sigue un principio sencillo: &#8220;La forma sigue a la funci\u00f3n&#8221;.<\/p>\n\n\n\n<p>Los muebles deben ser ante todo funcionales. Esto significa que se debe omitir aquellos elementos de decoraci\u00f3n innecesarios y se utilizan formas geom\u00e9tricas con bordes suaves y l\u00edneas limpias.<\/p>\n\n\n\n<p>Este estilo tambi\u00e9n se inspira en las formas org\u00e1nicas y las suaves curvas que se encuentran en la naturaleza y abarca una gran variedad de materiales, desde la madera, cristal, cer\u00e1mica e incluso jugar con el <a href=\"https:\/\/www.decoracionlafontana.com\/categoria-producto\/motivos\/papel-pintado-geometrico\/\" target=\"_blank\" rel=\"noreferrer noopener\">papel pintado geometrico<\/a> o de otras formas.<\/p>\n\n\n\n<p><strong>3. El estilo cl\u00e1sico, una tendencia atemporal<\/strong><\/p>\n\n\n\n<p>Como su nombre indica, el estilo cl\u00e1sico es intemporal. A diferencia del estilo moderno, se aprecian molduras y decoraciones m\u00e1s detalladas.<\/p>\n\n\n\n<p>La palabra clave es el juego de texturas y materiales. Por ejemplo, se puede optar por molduras antiguas o &nbsp;y muebles contempor\u00e1neos de dise\u00f1o refinado para no sobrecargar el espacio y crear as\u00ed un contraste.&nbsp;<\/p>\n\n\n\n<p>Por otro lado, tambi\u00e9n se pueden elegir muebles con tiradores dorados y algunos objetos decorativos antiguos (jarrones, candelabros, plater\u00eda, etc.) como toques discretos. Sin embargo, esto implica que se deba optar por paredes y revestimientos m\u00e1s sencillos.<\/p>\n\n\n\n<p>Sea cual sea el enfoque de este estilo, la madera sigue siendo una buena idea para los muebles principales. En cuanto a los colores, siguen en tendencias de pinturas los tonos sobrios y claros, como el blanco, el gris, el beige o el topo, que se puede contrastar con cortinas o alfombras estampadas, as\u00ed como con algunos toques de colores m\u00e1s vivos en la decoraci\u00f3n.<\/p>\n\n\n\n<p><strong>4. Madera natural para espacios de trabajo c\u00e1lidos<\/strong><\/p>\n\n\n\n<p>Este a\u00f1o, al igual que en los anteriores, la madera sigue siendo la favorita seg\u00fan diversos estudios de interiorismo en Madrid.<\/p>\n\n\n\n<p>En primer lugar, porque encaja bien con todos los estilos (siempre que se sepa combinar con otros materiales). Tambi\u00e9n porque aporta suavidad y sofisticaci\u00f3n a los espacios.<\/p>\n\n\n\n<p>Al decidir integrarlo en las paredes, en los muebles o incluso convertirlo en el elemento central de la oficina optando por suelos o paredes de madera, este material aportar\u00e1 calidez a los espacios comerciales. Ya sea en bruto o laminada, seg\u00fan el estilo que se desea dar a la oficina, la madera se adapta igualmente a dise\u00f1os elegantes o a estilos m\u00e1s sofisticados.<\/p>\n\n\n\n<p>Es importante combinarlo con otros materiales como el metal, el hormig\u00f3n o incluso el m\u00e1rmol, para evitar un dise\u00f1o demasiado sencillo.<\/p>\n\n\n\n<p><strong>5. Transparencia en el dise\u00f1o y en el origen de los materiales<\/strong><\/p>\n\n\n\n<p>Las ventanas panor\u00e1micas son las favoritas, ya que ampl\u00edan el espacio, hay que tener en cuenta que un espacio de trabajo luminoso ser\u00e1 mucho m\u00e1s estimulante para los empleados y aportar\u00e1 algo de naturaleza al edificio.<\/p>\n\n\n\n<p>Si las ventanas son limitadas en la oficina, se puede utilizar paredes de cristal como separadores siempre que sea posible, esto refractar\u00e1 y difundir\u00e1 la luz. Este tipo de ventanas en lugar de paredes, dar\u00e1n a las oficinas m\u00e1s dimensi\u00f3n y abrir\u00e1n el espacio. De hecho, la tendencia es hacia los espacios de trabajo abiertos y flexibles como los<a href=\"https:\/\/www.officemadrid.es\/coworking\/\" target=\"_blank\" rel=\"noreferrer noopener\"> coworking en Madrid<\/a>, que dan un ambiente m\u00e1s agradable y acogedor al lugar de trabajo.&nbsp;<\/p>\n\n\n\n<p>La transparencia no se detiene en el dise\u00f1o que se elija, porque si hay algo en tendencia es la importancia de consumir de forma local y ecol\u00f3gica. As\u00ed, esta tendencia ha llegado para quedarse, favorecer cuanto antes los materiales buenos para el medio ambiente, sostenibles y procedentes de peque\u00f1os circuitos que permitan una mayor trazabilidad.&nbsp;<\/p>\n\n\n\n<p><strong>6. Zonas de relajaci\u00f3n para aumentar la productividad<\/strong><\/p>\n\n\n\n<p>Los empleados felices y descansados son empleados productivos. Para reducir la rotaci\u00f3n de los empleados, es importante mantenerlos motivados y en forma. Por eso es importante incorporar elementos que les permitan desconectar del estr\u00e9s del trabajo.<\/p>\n\n\n\n<p>Una tendencia de dise\u00f1o de oficinas es crear un rinc\u00f3n relax que hace todo esto a\u00f1adiendo un \u00e1rea de descanso. Este espacio permite a los empleados establecer v\u00ednculos y desarrollar sinergias. Tambi\u00e9n es una gran oportunidad para estimular la creatividad. Sof\u00e1s, sillones, todo est\u00e1 dispuesto para ofrecer a los empleados unos momentos de relax entre reuniones.<\/p>\n\n\n\n<p><strong>7. Naturaleza en el interior para que el espacio respire<\/strong><\/p>\n\n\n\n<p>Las plantas ofrecen muchos aspectos positivos a cualquier espacio interior. No s\u00f3lo son buenas para la salud mental de los empleados, sino que tambi\u00e9n aportan un toque de frescura a la decoraci\u00f3n de la oficina. A\u00f1adir varias plantas verdes o con flores suavizar\u00e1 la frialdad de los monitores de ordenador, las l\u00e1mparas de escritorio y otras luces de ne\u00f3n que a veces hacen que los lugares de trabajo parezcan sombr\u00edos.<\/p>\n\n\n\n<p>Unas macetas con plantas en la oficina, macetas colgantes, jardineras en las zonas comunes o incluso un jard\u00edn vertical en la recepci\u00f3n completar\u00e1n el efecto de calidez deseado.<\/p>\n\n\n\n<p><strong>8. Elementos de dise\u00f1o en colores naturales<\/strong><\/p>\n\n\n\n<p>Adem\u00e1s de las plantas y la madera, que aportan un poco de naturalidad al espacio de la oficina, los colores naturales siguen siendo el camino a seguir.<\/p>\n\n\n\n<p>Seg\u00fan Jose Lara, <a href=\"https:\/\/www.joselarainteriorismo.com\/decorador-interiores-madrid\/\" target=\"_blank\" rel=\"noreferrer noopener\">dise\u00f1ador de interiores<\/a>, en lugar de los habituales tonos grises, se puede seleccionar tonos de beige, verde claro o marr\u00f3n claro que sean suaves a la vista y contrasten con las fr\u00edas herramientas tecnol\u00f3gicas que llenan las oficinas.<\/p>\n","protected":false},"excerpt":{"rendered":"<p>Comienza septiembre, la vuelta a la oficina tras las vacaciones de verano y con ello las nuevas tendencias de dise\u00f1o de oficinas. Este \u00faltimo trimestre del a\u00f1o se centra en crear el espacio de trabajo ideal a trav\u00e9s de la funcionalidad, la creatividad y la eficiencia. Tanto si trabajas en una oficina como en un &#8230; <a title=\"Las tendencias en el dise\u00f1o de oficinas y espacios flexibles\" class=\"read-more\" href=\"https:\/\/www.officemadrid.es\/en\/las-tendencias-en-el-diseno-de-oficinas-y-espacios-flexibles\/\" aria-label=\"Read more about Las tendencias en el dise\u00f1o de oficinas y espacios flexibles\">Read more<\/a><\/p>\n","protected":false},"author":7,"featured_media":20482,"comment_status":"open","ping_status":"closed","sticky":false,"template":"","format":"standard","meta":{"_acf_changed":false,"footnotes":""},"categories":[71],"tags":[],"class_list":["post-20479","post","type-post","status-publish","format-standard","has-post-thumbnail","hentry","category-office-madrid"],"acf":[],"yoast_head":"<!-- This site is optimized with the Yoast SEO plugin v27.4 - https:\/\/yoast.com\/product\/yoast-seo-wordpress\/ -->\n<title>Las tendencias en el dise\u00f1o de oficinas y espacios flexibles - Office Madrid<\/title>\n<meta name=\"description\" content=\"Conoce las \u00faltimas tendencias de dise\u00f1o y decoraci\u00f3n de oficinas, business center o slas de reuniones para este a\u00f1o 2022.\" \/>\n<meta name=\"robots\" content=\"index, follow, max-snippet:-1, max-image-preview:large, max-video-preview:-1\" \/>\n<link rel=\"canonical\" href=\"https:\/\/www.officemadrid.es\/en\/las-tendencias-en-el-diseno-de-oficinas-y-espacios-flexibles\/\" \/>\n<meta property=\"og:locale\" content=\"en_US\" \/>\n<meta property=\"og:type\" content=\"article\" \/>\n<meta property=\"og:title\" content=\"Las tendencias en el dise\u00f1o de oficinas y espacios flexibles - Office Madrid\" \/>\n<meta property=\"og:description\" content=\"Conoce las \u00faltimas tendencias de dise\u00f1o y decoraci\u00f3n de oficinas, business center o slas de reuniones para este a\u00f1o 2022.\" \/>\n<meta property=\"og:url\" content=\"https:\/\/www.officemadrid.es\/en\/las-tendencias-en-el-diseno-de-oficinas-y-espacios-flexibles\/\" \/>\n<meta property=\"og:site_name\" content=\"Office Madrid\" \/>\n<meta property=\"article:published_time\" content=\"2022-08-09T13:43:00+00:00\" \/>\n<meta property=\"article:modified_time\" content=\"2025-02-26T15:50:26+00:00\" \/>\n<meta property=\"og:image\" content=\"https:\/\/www.officemadrid.es\/\/wp-content\/uploads\/AEA_1740-1-scaled.jpg\" \/>\n\t<meta property=\"og:image:width\" content=\"2560\" \/>\n\t<meta property=\"og:image:height\" content=\"1707\" \/>\n\t<meta property=\"og:image:type\" content=\"image\/jpeg\" \/>\n<meta name=\"author\" content=\"Comunicaci\u00f3n\" \/>\n<meta name=\"twitter:card\" content=\"summary_large_image\" \/>\n<meta name=\"twitter:label1\" content=\"Written by\" \/>\n\t<meta name=\"twitter:data1\" content=\"Comunicaci\u00f3n\" \/>\n\t<meta name=\"twitter:label2\" content=\"Est. reading time\" \/>\n\t<meta name=\"twitter:data2\" content=\"5 minutes\" \/>\n<script type=\"application\/ld+json\" class=\"yoast-schema-graph\">{\"@context\":\"https:\\\/\\\/schema.org\",\"@graph\":[{\"@type\":\"Article\",\"@id\":\"https:\\\/\\\/www.officemadrid.es\\\/en\\\/las-tendencias-en-el-diseno-de-oficinas-y-espacios-flexibles\\\/#article\",\"isPartOf\":{\"@id\":\"https:\\\/\\\/www.officemadrid.es\\\/en\\\/las-tendencias-en-el-diseno-de-oficinas-y-espacios-flexibles\\\/\"},\"author\":{\"name\":\"Comunicaci\u00f3n\",\"@id\":\"https:\\\/\\\/www.officemadrid.es\\\/en\\\/#\\\/schema\\\/person\\\/d59d0464f4a85622a56a3312d1ef4c60\"},\"headline\":\"Las tendencias en el dise\u00f1o de oficinas y espacios flexibles\",\"datePublished\":\"2022-08-09T13:43:00+00:00\",\"dateModified\":\"2025-02-26T15:50:26+00:00\",\"mainEntityOfPage\":{\"@id\":\"https:\\\/\\\/www.officemadrid.es\\\/en\\\/las-tendencias-en-el-diseno-de-oficinas-y-espacios-flexibles\\\/\"},\"wordCount\":1074,\"commentCount\":0,\"publisher\":{\"@id\":\"https:\\\/\\\/www.officemadrid.es\\\/en\\\/#organization\"},\"image\":{\"@id\":\"https:\\\/\\\/www.officemadrid.es\\\/en\\\/las-tendencias-en-el-diseno-de-oficinas-y-espacios-flexibles\\\/#primaryimage\"},\"thumbnailUrl\":\"https:\\\/\\\/www.officemadrid.es\\\/\\\/wp-content\\\/uploads\\\/AEA_1740-1-scaled.jpg\",\"articleSection\":[\"Office Madrid\"],\"inLanguage\":\"en-US\",\"potentialAction\":[{\"@type\":\"CommentAction\",\"name\":\"Comment\",\"target\":[\"https:\\\/\\\/www.officemadrid.es\\\/en\\\/las-tendencias-en-el-diseno-de-oficinas-y-espacios-flexibles\\\/#respond\"]}]},{\"@type\":\"WebPage\",\"@id\":\"https:\\\/\\\/www.officemadrid.es\\\/en\\\/las-tendencias-en-el-diseno-de-oficinas-y-espacios-flexibles\\\/\",\"url\":\"https:\\\/\\\/www.officemadrid.es\\\/en\\\/las-tendencias-en-el-diseno-de-oficinas-y-espacios-flexibles\\\/\",\"name\":\"Las tendencias en el dise\u00f1o de oficinas y espacios flexibles - Office Madrid\",\"isPartOf\":{\"@id\":\"https:\\\/\\\/www.officemadrid.es\\\/en\\\/#website\"},\"primaryImageOfPage\":{\"@id\":\"https:\\\/\\\/www.officemadrid.es\\\/en\\\/las-tendencias-en-el-diseno-de-oficinas-y-espacios-flexibles\\\/#primaryimage\"},\"image\":{\"@id\":\"https:\\\/\\\/www.officemadrid.es\\\/en\\\/las-tendencias-en-el-diseno-de-oficinas-y-espacios-flexibles\\\/#primaryimage\"},\"thumbnailUrl\":\"https:\\\/\\\/www.officemadrid.es\\\/\\\/wp-content\\\/uploads\\\/AEA_1740-1-scaled.jpg\",\"datePublished\":\"2022-08-09T13:43:00+00:00\",\"dateModified\":\"2025-02-26T15:50:26+00:00\",\"description\":\"Conoce las \u00faltimas tendencias de dise\u00f1o y decoraci\u00f3n de oficinas, business center o slas de reuniones para este a\u00f1o 2022.\",\"breadcrumb\":{\"@id\":\"https:\\\/\\\/www.officemadrid.es\\\/en\\\/las-tendencias-en-el-diseno-de-oficinas-y-espacios-flexibles\\\/#breadcrumb\"},\"inLanguage\":\"en-US\",\"potentialAction\":[{\"@type\":\"ReadAction\",\"target\":[\"https:\\\/\\\/www.officemadrid.es\\\/en\\\/las-tendencias-en-el-diseno-de-oficinas-y-espacios-flexibles\\\/\"]}]},{\"@type\":\"ImageObject\",\"inLanguage\":\"en-US\",\"@id\":\"https:\\\/\\\/www.officemadrid.es\\\/en\\\/las-tendencias-en-el-diseno-de-oficinas-y-espacios-flexibles\\\/#primaryimage\",\"url\":\"https:\\\/\\\/www.officemadrid.es\\\/\\\/wp-content\\\/uploads\\\/AEA_1740-1-scaled.jpg\",\"contentUrl\":\"https:\\\/\\\/www.officemadrid.es\\\/\\\/wp-content\\\/uploads\\\/AEA_1740-1-scaled.jpg\",\"width\":2560,\"height\":1707,\"caption\":\"dise\u00f1o de oficinas\"},{\"@type\":\"BreadcrumbList\",\"@id\":\"https:\\\/\\\/www.officemadrid.es\\\/en\\\/las-tendencias-en-el-diseno-de-oficinas-y-espacios-flexibles\\\/#breadcrumb\",\"itemListElement\":[{\"@type\":\"ListItem\",\"position\":1,\"name\":\"Portada\",\"item\":\"https:\\\/\\\/www.officemadrid.es\\\/en\\\/\"},{\"@type\":\"ListItem\",\"position\":2,\"name\":\"Las tendencias en el dise\u00f1o de oficinas y espacios flexibles\"}]},{\"@type\":\"WebSite\",\"@id\":\"https:\\\/\\\/www.officemadrid.es\\\/en\\\/#website\",\"url\":\"https:\\\/\\\/www.officemadrid.es\\\/en\\\/\",\"name\":\"Office Madrid\",\"description\":\"Tu centro de negocios en Madrid\",\"publisher\":{\"@id\":\"https:\\\/\\\/www.officemadrid.es\\\/en\\\/#organization\"},\"potentialAction\":[{\"@type\":\"SearchAction\",\"target\":{\"@type\":\"EntryPoint\",\"urlTemplate\":\"https:\\\/\\\/www.officemadrid.es\\\/en\\\/?s={search_term_string}\"},\"query-input\":{\"@type\":\"PropertyValueSpecification\",\"valueRequired\":true,\"valueName\":\"search_term_string\"}}],\"inLanguage\":\"en-US\"},{\"@type\":\"Organization\",\"@id\":\"https:\\\/\\\/www.officemadrid.es\\\/en\\\/#organization\",\"name\":\"Office Madrid\",\"url\":\"https:\\\/\\\/www.officemadrid.es\\\/en\\\/\",\"logo\":{\"@type\":\"ImageObject\",\"inLanguage\":\"en-US\",\"@id\":\"https:\\\/\\\/www.officemadrid.es\\\/en\\\/#\\\/schema\\\/logo\\\/image\\\/\",\"url\":\"https:\\\/\\\/www.officemadrid.es\\\/wp-content\\\/uploads\\\/office-madrid.png\",\"contentUrl\":\"https:\\\/\\\/www.officemadrid.es\\\/wp-content\\\/uploads\\\/office-madrid.png\",\"width\":256,\"height\":70,\"caption\":\"Office Madrid\"},\"image\":{\"@id\":\"https:\\\/\\\/www.officemadrid.es\\\/en\\\/#\\\/schema\\\/logo\\\/image\\\/\"}},{\"@type\":\"Person\",\"@id\":\"https:\\\/\\\/www.officemadrid.es\\\/en\\\/#\\\/schema\\\/person\\\/d59d0464f4a85622a56a3312d1ef4c60\",\"name\":\"Comunicaci\u00f3n\",\"image\":{\"@type\":\"ImageObject\",\"inLanguage\":\"en-US\",\"@id\":\"https:\\\/\\\/secure.gravatar.com\\\/avatar\\\/dc186aed6ece3a6fff86ffab8f2348477232c5847d3acce03683a46d406bbc31?s=96&d=mm&r=g\",\"url\":\"https:\\\/\\\/secure.gravatar.com\\\/avatar\\\/dc186aed6ece3a6fff86ffab8f2348477232c5847d3acce03683a46d406bbc31?s=96&d=mm&r=g\",\"contentUrl\":\"https:\\\/\\\/secure.gravatar.com\\\/avatar\\\/dc186aed6ece3a6fff86ffab8f2348477232c5847d3acce03683a46d406bbc31?s=96&d=mm&r=g\",\"caption\":\"Comunicaci\u00f3n\"},\"url\":\"https:\\\/\\\/www.officemadrid.es\\\/en\\\/author\\\/cuentas-dz\\\/\"}]}<\/script>\n<!-- \/ Yoast SEO plugin. -->","yoast_head_json":{"title":"Las tendencias en el dise\u00f1o de oficinas y espacios flexibles - Office Madrid","description":"Conoce las \u00faltimas tendencias de dise\u00f1o y decoraci\u00f3n de oficinas, business center o slas de reuniones para este a\u00f1o 2022.","robots":{"index":"index","follow":"follow","max-snippet":"max-snippet:-1","max-image-preview":"max-image-preview:large","max-video-preview":"max-video-preview:-1"},"canonical":"https:\/\/www.officemadrid.es\/en\/las-tendencias-en-el-diseno-de-oficinas-y-espacios-flexibles\/","og_locale":"en_US","og_type":"article","og_title":"Las tendencias en el dise\u00f1o de oficinas y espacios flexibles - Office Madrid","og_description":"Conoce las \u00faltimas tendencias de dise\u00f1o y decoraci\u00f3n de oficinas, business center o slas de reuniones para este a\u00f1o 2022.","og_url":"https:\/\/www.officemadrid.es\/en\/las-tendencias-en-el-diseno-de-oficinas-y-espacios-flexibles\/","og_site_name":"Office Madrid","article_published_time":"2022-08-09T13:43:00+00:00","article_modified_time":"2025-02-26T15:50:26+00:00","og_image":[{"width":2560,"height":1707,"url":"https:\/\/www.officemadrid.es\/\/wp-content\/uploads\/AEA_1740-1-scaled.jpg","type":"image\/jpeg"}],"author":"Comunicaci\u00f3n","twitter_card":"summary_large_image","twitter_misc":{"Written by":"Comunicaci\u00f3n","Est. reading time":"5 minutes"},"schema":{"@context":"https:\/\/schema.org","@graph":[{"@type":"Article","@id":"https:\/\/www.officemadrid.es\/en\/las-tendencias-en-el-diseno-de-oficinas-y-espacios-flexibles\/#article","isPartOf":{"@id":"https:\/\/www.officemadrid.es\/en\/las-tendencias-en-el-diseno-de-oficinas-y-espacios-flexibles\/"},"author":{"name":"Comunicaci\u00f3n","@id":"https:\/\/www.officemadrid.es\/en\/#\/schema\/person\/d59d0464f4a85622a56a3312d1ef4c60"},"headline":"Las tendencias en el dise\u00f1o de oficinas y espacios flexibles","datePublished":"2022-08-09T13:43:00+00:00","dateModified":"2025-02-26T15:50:26+00:00","mainEntityOfPage":{"@id":"https:\/\/www.officemadrid.es\/en\/las-tendencias-en-el-diseno-de-oficinas-y-espacios-flexibles\/"},"wordCount":1074,"commentCount":0,"publisher":{"@id":"https:\/\/www.officemadrid.es\/en\/#organization"},"image":{"@id":"https:\/\/www.officemadrid.es\/en\/las-tendencias-en-el-diseno-de-oficinas-y-espacios-flexibles\/#primaryimage"},"thumbnailUrl":"https:\/\/www.officemadrid.es\/\/wp-content\/uploads\/AEA_1740-1-scaled.jpg","articleSection":["Office Madrid"],"inLanguage":"en-US","potentialAction":[{"@type":"CommentAction","name":"Comment","target":["https:\/\/www.officemadrid.es\/en\/las-tendencias-en-el-diseno-de-oficinas-y-espacios-flexibles\/#respond"]}]},{"@type":"WebPage","@id":"https:\/\/www.officemadrid.es\/en\/las-tendencias-en-el-diseno-de-oficinas-y-espacios-flexibles\/","url":"https:\/\/www.officemadrid.es\/en\/las-tendencias-en-el-diseno-de-oficinas-y-espacios-flexibles\/","name":"Las tendencias en el dise\u00f1o de oficinas y espacios flexibles - Office Madrid","isPartOf":{"@id":"https:\/\/www.officemadrid.es\/en\/#website"},"primaryImageOfPage":{"@id":"https:\/\/www.officemadrid.es\/en\/las-tendencias-en-el-diseno-de-oficinas-y-espacios-flexibles\/#primaryimage"},"image":{"@id":"https:\/\/www.officemadrid.es\/en\/las-tendencias-en-el-diseno-de-oficinas-y-espacios-flexibles\/#primaryimage"},"thumbnailUrl":"https:\/\/www.officemadrid.es\/\/wp-content\/uploads\/AEA_1740-1-scaled.jpg","datePublished":"2022-08-09T13:43:00+00:00","dateModified":"2025-02-26T15:50:26+00:00","description":"Conoce las \u00faltimas tendencias de dise\u00f1o y decoraci\u00f3n de oficinas, business center o slas de reuniones para este a\u00f1o 2022.","breadcrumb":{"@id":"https:\/\/www.officemadrid.es\/en\/las-tendencias-en-el-diseno-de-oficinas-y-espacios-flexibles\/#breadcrumb"},"inLanguage":"en-US","potentialAction":[{"@type":"ReadAction","target":["https:\/\/www.officemadrid.es\/en\/las-tendencias-en-el-diseno-de-oficinas-y-espacios-flexibles\/"]}]},{"@type":"ImageObject","inLanguage":"en-US","@id":"https:\/\/www.officemadrid.es\/en\/las-tendencias-en-el-diseno-de-oficinas-y-espacios-flexibles\/#primaryimage","url":"https:\/\/www.officemadrid.es\/\/wp-content\/uploads\/AEA_1740-1-scaled.jpg","contentUrl":"https:\/\/www.officemadrid.es\/\/wp-content\/uploads\/AEA_1740-1-scaled.jpg","width":2560,"height":1707,"caption":"dise\u00f1o de oficinas"},{"@type":"BreadcrumbList","@id":"https:\/\/www.officemadrid.es\/en\/las-tendencias-en-el-diseno-de-oficinas-y-espacios-flexibles\/#breadcrumb","itemListElement":[{"@type":"ListItem","position":1,"name":"Portada","item":"https:\/\/www.officemadrid.es\/en\/"},{"@type":"ListItem","position":2,"name":"Las tendencias en el dise\u00f1o de oficinas y espacios flexibles"}]},{"@type":"WebSite","@id":"https:\/\/www.officemadrid.es\/en\/#website","url":"https:\/\/www.officemadrid.es\/en\/","name":"Office Madrid","description":"Tu centro de negocios en Madrid","publisher":{"@id":"https:\/\/www.officemadrid.es\/en\/#organization"},"potentialAction":[{"@type":"SearchAction","target":{"@type":"EntryPoint","urlTemplate":"https:\/\/www.officemadrid.es\/en\/?s={search_term_string}"},"query-input":{"@type":"PropertyValueSpecification","valueRequired":true,"valueName":"search_term_string"}}],"inLanguage":"en-US"},{"@type":"Organization","@id":"https:\/\/www.officemadrid.es\/en\/#organization","name":"Office Madrid","url":"https:\/\/www.officemadrid.es\/en\/","logo":{"@type":"ImageObject","inLanguage":"en-US","@id":"https:\/\/www.officemadrid.es\/en\/#\/schema\/logo\/image\/","url":"https:\/\/www.officemadrid.es\/wp-content\/uploads\/office-madrid.png","contentUrl":"https:\/\/www.officemadrid.es\/wp-content\/uploads\/office-madrid.png","width":256,"height":70,"caption":"Office Madrid"},"image":{"@id":"https:\/\/www.officemadrid.es\/en\/#\/schema\/logo\/image\/"}},{"@type":"Person","@id":"https:\/\/www.officemadrid.es\/en\/#\/schema\/person\/d59d0464f4a85622a56a3312d1ef4c60","name":"Comunicaci\u00f3n","image":{"@type":"ImageObject","inLanguage":"en-US","@id":"https:\/\/secure.gravatar.com\/avatar\/dc186aed6ece3a6fff86ffab8f2348477232c5847d3acce03683a46d406bbc31?s=96&d=mm&r=g","url":"https:\/\/secure.gravatar.com\/avatar\/dc186aed6ece3a6fff86ffab8f2348477232c5847d3acce03683a46d406bbc31?s=96&d=mm&r=g","contentUrl":"https:\/\/secure.gravatar.com\/avatar\/dc186aed6ece3a6fff86ffab8f2348477232c5847d3acce03683a46d406bbc31?s=96&d=mm&r=g","caption":"Comunicaci\u00f3n"},"url":"https:\/\/www.officemadrid.es\/en\/author\/cuentas-dz\/"}]}},"_links":{"self":[{"href":"https:\/\/www.officemadrid.es\/en\/wp-json\/wp\/v2\/posts\/20479","targetHints":{"allow":["GET"]}}],"collection":[{"href":"https:\/\/www.officemadrid.es\/en\/wp-json\/wp\/v2\/posts"}],"about":[{"href":"https:\/\/www.officemadrid.es\/en\/wp-json\/wp\/v2\/types\/post"}],"author":[{"embeddable":true,"href":"https:\/\/www.officemadrid.es\/en\/wp-json\/wp\/v2\/users\/7"}],"replies":[{"embeddable":true,"href":"https:\/\/www.officemadrid.es\/en\/wp-json\/wp\/v2\/comments?post=20479"}],"version-history":[{"count":2,"href":"https:\/\/www.officemadrid.es\/en\/wp-json\/wp\/v2\/posts\/20479\/revisions"}],"predecessor-version":[{"id":26761,"href":"https:\/\/www.officemadrid.es\/en\/wp-json\/wp\/v2\/posts\/20479\/revisions\/26761"}],"wp:featuredmedia":[{"embeddable":true,"href":"https:\/\/www.officemadrid.es\/en\/wp-json\/wp\/v2\/media\/20482"}],"wp:attachment":[{"href":"https:\/\/www.officemadrid.es\/en\/wp-json\/wp\/v2\/media?parent=20479"}],"wp:term":[{"taxonomy":"category","embeddable":true,"href":"https:\/\/www.officemadrid.es\/en\/wp-json\/wp\/v2\/categories?post=20479"},{"taxonomy":"post_tag","embeddable":true,"href":"https:\/\/www.officemadrid.es\/en\/wp-json\/wp\/v2\/tags?post=20479"}],"curies":[{"name":"wp","href":"https:\/\/api.w.org\/{rel}","templated":true}]}}