{"id":21495,"date":"2023-01-22T10:00:00","date_gmt":"2023-01-22T09:00:00","guid":{"rendered":"https:\/\/www.officemadrid.es\/?p=21495"},"modified":"2023-01-18T17:00:07","modified_gmt":"2023-01-18T16:00:07","slug":"20-ayudas-y-subvenciones-para-emprendedores-2023","status":"publish","type":"post","link":"https:\/\/www.officemadrid.es\/en\/20-ayudas-y-subvenciones-para-emprendedores-2023\/","title":{"rendered":"20 ayudas y subvenciones para emprendedores 2023"},"content":{"rendered":"\n<p>\u201cVoy a montar un negocio, pero necesito ayuda para emprender\u201d. Es una de las frases m\u00e1s escuchadas en nuestra <a href=\"https:\/\/www.officemadrid.es\/tax-legal\/\" target=\"_blank\" rel=\"noreferrer noopener\">asesor\u00eda laboral de Madrid<\/a>. Seguro que esa es una de las frases que has pronunciado alguna vez. O, tal vez, ya tienes tu negocio en marcha y necesitas darle un empuj\u00f3n para crecer un poquito m\u00e1s.<\/p>\n\n\n\n<p>El Estado, las Comunidades Aut\u00f3nomas e incluso los Ayuntamientos tienen&nbsp;programas espec\u00edficos de apoyo a las empresas y ayudas para emprendedores.&nbsp;&nbsp;<\/p>\n\n\n\n<p>\u00a1Veamos algunas de las ayudas al emprendedor que existen actualmente!<\/p>\n\n\n\n<h2 class=\"wp-block-heading\">\u00bfQu\u00e9 ayudas existen para la creaci\u00f3n de empresas?<\/h2>\n\n\n\n<p>Alguna de las ayudas que existen para la creaci\u00f3n de empresas son: la tarifa plana, ayudas para mujeres emprendedoras, Busines \u00c0ngels&#8230; y muchas, muchas m\u00e1s. Las subvenciones no son pocas.<\/p>\n\n\n\n<p>El Estado, las Comunidades y hasta los Ayuntamientos cuentan con diversas prestaciones para la creaci\u00f3n de empresas.&nbsp;&nbsp;En este art\u00edculo, te resumimos 20 de ellas.&nbsp;<\/p>\n\n\n\n<h2 class=\"wp-block-heading\">Subvenciones a emprendedores<\/h2>\n\n\n\n<h3 class=\"wp-block-heading\">\u00bfQu\u00e9 es la tarifa plana?<\/h3>\n\n\n\n<p>Sin duda, has o\u00eddo hablar de la tarifa plana. Es la ayuda para nuevos emprendedores m\u00e1s conocida. Es una reducci\u00f3n en la cuota que pagas a la seguridad social cuando eres aut\u00f3nomo.\u00a0 Eso quiere decir que cuando te des de alta pagar\u00e1s s\u00f3lo 60 euros mensuales. Y eso durante los primeros 12 meses. Es importante que una\u00a0gestor\u00eda especializada en aut\u00f3nomos<a href=\"https:\/\/okasesores.es\/\">\u00a0<\/a>te gu\u00ede en todo el proceso.<\/p>\n\n\n\n<p>Tendr\u00e1s que cumplir un requisito: no haber sido aut\u00f3nomo en los \u00faltimos dos a\u00f1os (tres, en caso de haber solicitado esta bonificaci\u00f3n con anterioridad a contar desde la fecha de efectos del alta en seguridad social, en el R\u00e9gimen Especial de Trabajadores Aut\u00f3nomos).<\/p>\n\n\n\n<p>Cuando hayan transcurrido los doce meses estar\u00e1s en esta situaci\u00f3n:<\/p>\n\n\n\n<p>Meses 12 al 18&nbsp;: Pagar\u00e1 143,05 euros mensuales.<\/p>\n\n\n\n<p>Meses 18 al 24&nbsp;: Pagar\u00e1s 200,30 euros mensuales.<\/p>\n\n\n\n<p>En caso de nuevos aut\u00f3nomos menores de 30 a\u00f1os y aut\u00f3nomas menores de 35 a\u00f1os, entre el mes 24 y el 36 pagar\u00e1s tambi\u00e9n 200,30 euros.<\/p>\n\n\n\n<p>Importante&nbsp;: si resides y desarrollas tu actividad en un municipio con menos de 5.000 habitantes pagar\u00e1s 60 euros durante 24 meses. Deber\u00e1s mantener tu actividad durante dos a\u00f1os y permanecer empadronado en el mismo municipio en los cuatro a\u00f1os siguientes a dicha alta.<\/p>\n\n\n\n<p>Algunas comunidades aut\u00f3nomas han ampliado esta ayuda a trav\u00e9s de una subvenci\u00f3n (p.ej. la Comunidad de Madrid, Castilla y Le\u00f3n, Andaluc\u00eda\u2026). Comprueba la tuya en la web de la Comunidad Aut\u00f3noma en la que resides y experimenta lo que\u00a0significa ser emprendedor<a href=\"https:\/\/www.oberlo.es\/blog\/definicion-y-significado-emprendimiento\" target=\"_blank\" rel=\"noreferrer noopener\">\u00a0<\/a>.<\/p>\n\n\n\n<h3 class=\"wp-block-heading\">Capitaliza tu prestaci\u00f3n de desempleo<\/h3>\n\n\n\n<p>\u00bfEst\u00e1s desempleado y quieres montar un negocio?<\/p>\n\n\n\n<p>Podr\u00e1s cobrar tu prestaci\u00f3n de una sola vez, todo el dinero junto. Esto est\u00e1 destinado a personas que comiencen a desarrollar una actividad como trabajadores\/ as aut\u00f3nomos (\u00a0ojo, no para los aut\u00f3nomos dependientes\u00a0(TRADE) o que se incorporen de forma estable como socios\/as trabajadores\/as o de trabajo en cooperativas o en sociedades laborales ya constituidas, es decir podr\u00e1s\u00a0crear una empresa<a href=\"https:\/\/www.oberlo.es\/blog\/como-crear-una-empresa\" target=\"_blank\" rel=\"noreferrer noopener\">\u00a0<\/a>mediante sociedad limitada.<\/p>\n\n\n\n<p>Tendr\u00e1s que destinar el importe cobrado a los gastos de inicio de tu actividad o realizar una aportaci\u00f3n al capital social de una sociedad mercantil de nueva creaci\u00f3n o creada en un plazo m\u00e1ximo de 12 meses anteriores a la aportaci\u00f3n. Y deber\u00e1s tener el control efectivo de la sociedad, por lo tanto, tendr\u00e1s que cotizar como aut\u00f3nomo.<\/p>\n\n\n\n<p>Hay algunos&nbsp;requisitos: Ser persona beneficiaria de una prestaci\u00f3n contributiva por desempleo, tener pendiente de recibir al menos tres mensualidades (seis meses si est\u00e1s cobrando el paro de los aut\u00f3nomos).<\/p>\n\n\n\n<p>Ten en cuenta que no debes haber ejercido este derecho en los cuatro a\u00f1os inmediatamente anteriores.<\/p>\n\n\n\n<p>Tendr\u00e1s que iniciar la actividad en el plazo m\u00e1ximo de un mes desde la resoluci\u00f3n que conceda el pago \u00fanico, y siempre en fecha posterior a la solicitud.<\/p>\n\n\n\n<h3 class=\"wp-block-heading\">Puedes cobrar la prestaci\u00f3n y ser aut\u00f3nomo<\/h3>\n\n\n\n<p>\u00bfEst\u00e1s cobrando la prestaci\u00f3n por desempleo y te vas a dar de alta como aut\u00f3nomo? En ese caso, podr\u00e1s seguir percibiendo la prestaci\u00f3n que te corresponde, mientras est\u00e9s trabajando por cuenta propia, durante un m\u00e1ximo de 270 d\u00edas o durante el tiempo inferior que le quede por percibir, siempre que solicite la compatibilidad en el improrrogable plazo de 15 d\u00edas a contar desde la fecha de inicio de la actividad por cuenta propia.<\/p>\n\n\n\n<p>No te preocupes: si tu actividad es ser administrador de una sociedad mercantil, es decir, si eres aut\u00f3nomo societario, tambi\u00e9n podr\u00e1s compatibilizar tu prestaci\u00f3n de desempleo con tu nueva actividad.<\/p>\n\n\n\n<h3 class=\"wp-block-heading\">\u00bfEn qu\u00e9 tienes que gastar tu dinero?<\/h3>\n\n\n\n<p>Tendr\u00e1s que invertir la totalidad de la prestaci\u00f3n en el desarrollo de una actividad por cuenta propia, incluidas las cargas tributarias y los gastos de puesta en funcionamiento. Y si no inviertes el 100%, podr\u00e1s utilizar el importe para pagar las cuotas de aut\u00f3nomos.<\/p>\n\n\n\n<h3 class=\"wp-block-heading\">Ayudas para mujeres emprendedoras<\/h3>\n\n\n\n<p>Para las mujeres emprendedoras hay algunas ayudas y subvenciones espec\u00edficas. El\u00a0<a href=\"https:\/\/www.camara.es\/creacion-de-empresas\/apoyo-empresarial-las-mujeres-paem\" target=\"_blank\" rel=\"noreferrer noopener\">Programa de apoyo empresarial a mujeres\u00a0<\/a>te ofrecer\u00e1 tambi\u00e9n asesoramiento y apoyo para crear tu negocio. <\/p>\n\n\n\n<p>Adem\u00e1s, todas las Comunidades Aut\u00f3nomas tienen programas espec\u00edficos.<\/p>\n\n\n\n<p>El\u00a0Instituto de la Mujer\u00a0cuenta con un programa para proyectos desarrollados en el medio rural:\u00a0Programa Desaf\u00edo Mujer Rural<a href=\"http:\/\/www.inmujer.gob.es\/areasTematicas\/Emprendimiento\/EmpFemMundoRural.htm\" target=\"_blank\" rel=\"noreferrer noopener\">\u00a0<\/a>. Podr\u00e1s participar en talleres online gratuitos, sesiones de coaching, mentoring y\u00a0crear tu propia tienda online\u00a0.<\/p>\n\n\n\n<p>Otra opci\u00f3n es recurrir a un\u00a0Microcr\u00e9dito sin aval<a href=\"https:\/\/empresarias.camara.es\/financiacion\/microcreditos\/\" target=\"_blank\" rel=\"noreferrer noopener\">\u00a0<\/a>. Podr\u00e1s solicitar hasta un m\u00e1ximo de 25.000 euros para crear una nueva empresa o promocionar la que ya tienes, en condiciones muy ventajosas.<\/p>\n\n\n\n<h3 class=\"wp-block-heading\">Ayudas y subvenciones a la innovaci\u00f3n<\/h3>\n\n\n\n<p>Si tu empresa se dedica a realizar proyecto de I+D+I te interesan las ayudas y subvenciones que convoca el&nbsp;Ministerio de Ciencia e Innovaci\u00f3n<\/p>\n\n\n\n<ul class=\"wp-block-list\"><li><a href=\"https:\/\/www.eoi.es\/es\/empresas\/company\/programa-emplea\" target=\"_blank\" rel=\"noreferrer noopener\">Programa emplea\u00a0<\/a>.\u00a0Destinado a financiar la incorporaci\u00f3n\u00a0y formaci\u00f3n en gesti\u00f3n de\u00a0I+D+I\u00a0\u00a0de nuevos profesionales que refuercen la competitividad de las empresas espa\u00f1olas.<\/li><li><a href=\"https:\/\/www.ciencia.gob.es\/portal\/site\/MICINN\/menuitem.dbc68b34d11ccbd5d52ffeb801432ea0\/?vgnextoid=9ac5ced555850710VgnVCM1000001d04140aRCRD\" target=\"_blank\" rel=\"noreferrer noopener\">Programa Europa Centros\u00a0<\/a>. Financiaci\u00f3n de acciones de dinamizaci\u00f3n dirigidas a aumentar la participaci\u00f3n y liderazgo de los centros tecnol\u00f3gicos y centros de apoyo a la innovaci\u00f3n Programa Centros Colaboraci\u00f3n<a href=\"https:\/\/www.ciencia.gob.es\/portal\/site\/MICINN\/menuitem.791459a43fdf738d70fd325001432ea0\/?vgnextoid=9214d1072606c610VgnVCM1000001d04140aRCRD&amp;vgnextchannel=b24e067c468a4610VgnVCM1000001d04140aRCRD&amp;vgnextfmt=formato2&amp;id3=7114d1072606c610VgnVCM1000001d04140a____\" target=\"_blank\" rel=\"noreferrer noopener\">\u00a0<\/a>. Promoci\u00f3n del desarrollo de tecnolog\u00edas, aplicaci\u00f3n empresarial de nuevas ideas y t\u00e9cnicas y creaci\u00f3n de productos y servicios, a trav\u00e9s de proyectos de cooperaci\u00f3n entre empresas y organismos de investigaci\u00f3n.<\/li><li><a href=\"https:\/\/www.ciencia.gob.es\/portal\/site\/MICINN\/menuitem.dbc68b34d11ccbd5d52ffeb801432ea0\/?vgnextoid=a17304aad8ac1710VgnVCM1000001d04140aRCRD\" target=\"_blank\" rel=\"noreferrer noopener\">Programas Plataformas Tecnol\u00f3gicas y de Innovaci\u00f3n\u00a0<\/a>. \u00a0Para el fomento de la creaci\u00f3n y mantenimiento de las plataformas tecnol\u00f3gicas como grupos de trabajo p\u00fablico-privados, para propiciar un fluido intercambio de informaci\u00f3n que facilite la colaboraci\u00f3n entre los interesados en un sector o campo tecnol\u00f3gico.<\/li><\/ul>\n\n\n\n<p>Estas ayudas est\u00e1n canalizadas por el&nbsp;&nbsp;CDTI&nbsp;&nbsp;(Centro para el Desarrollo Tecnol\u00f3gico Industrial), dependiente del Ministerio de Ciencia e Innovaci\u00f3n, que promueve la innovaci\u00f3n y el desarrollo tecnol\u00f3gico de las empresas espa\u00f1olas.<\/p>\n\n\n\n<h3 class=\"wp-block-heading\">Ayudas en la internacionalizaci\u00f3n<\/h3>\n\n\n\n<p>Es posible que haya pensado dar un empuj\u00f3n a tu empresa y abrirla a otros mercados. Puedes recurrir al&nbsp;INSTITUTO DE COMERCIO EXTERIOR&nbsp;ICEX&nbsp;. Es el encargo de gestionar ayudas y subvenciones para proyectos de internacionalizaci\u00f3n de la empresa. Tambi\u00e9n podr\u00e1s acudir a las C\u00e1maras de Comercio: el&nbsp;Programa Expande&nbsp;te ofrecer\u00e1 apoyo y asesoramiento en el proyecto de internacionalizar tu empresa. Por ejemplo, si quieres dedicarte al&nbsp;comercio electr\u00f3nico&nbsp;.<\/p>\n\n\n\n<p>La&nbsp;Direcci\u00f3n General de Industria y la Peque\u00f1a y Mediana Empresa&nbsp;ha editado una gu\u00eda donde puedes consultar todos los requisitos de las ayudas&nbsp;Gu\u00eda din\u00e1mica de ayudas a la internacionalizaci\u00f3n&nbsp;.<\/p>\n\n\n\n<h3 class=\"wp-block-heading\">Ayudas y subvenciones para emprendedores de base tecnol\u00f3gica<\/h3>\n\n\n\n<p>La&nbsp;innovaci\u00f3n&nbsp;es fundamental para desarrollar la empresa y ser competitivos. No dejes que tu competencia te adelante y desplace tu empresa en un mercado en constante movimiento. Cuentas con ayudas y subvenciones para emprendedores tecnol\u00f3gicos:<\/p>\n\n\n\n<p><a href=\"https:\/\/www.cdti.es\/index.asp?MP=4&amp;MS=0&amp;MN=1&amp;textobuscado=neotec&amp;tipo=1&amp;TR=A&amp;IDR=38&amp;tipoO=Contenido&amp;id=239&amp;xtmc=neotec&amp;xtcr=8\" target=\"_blank\" rel=\"noreferrer noopener\">Programa Neotec&nbsp;<\/a>&nbsp;financia la puesta en marcha de nuevos proyectos empresariales que requieran el uso de tecnolog\u00edas o conocimientos desarrollados a partir de la actividad investigadora, en los que la estrategia de negocio se base en el desarrollo de tecnolog\u00eda.<\/p>\n\n\n\n<p><a href=\"http:\/\/www.cdti.es\/index.asp?MP=4&amp;MS=0&amp;MN=1&amp;textobuscado=Programa+Innvierte&amp;tipo=1&amp;TR=A&amp;IDR=38&amp;tipoO=Contenido&amp;id=1812&amp;xtmc=Programa_Innvierte&amp;xtcr=3\" target=\"_blank\" rel=\"noreferrer noopener\">Programa Invierte&nbsp;<\/a>forma parte de la Estrategia Espa\u00f1ola de Ciencia y Tecnolog\u00eda y de Innovaci\u00f3n. Esta estrategia tambi\u00e9n tiene el fin de promover la innovaci\u00f3n empresarial mediante el apoyo a la inversi\u00f3n de capital riesgo en empresas de base tecnol\u00f3gica o innovadoras.<\/p>\n\n\n\n<p>Es posible que alguna no est\u00e9 en vigor ahora mismo, pero debes estar atento a las nuevas subvenciones para empresas.<\/p>\n\n\n\n<h3 class=\"wp-block-heading\">Ayudas para j\u00f3venes emprendedores<\/h3>\n\n\n\n<p>Un&nbsp;&nbsp;emprendedor&nbsp;es aquella persona capaz de identificar una oportunidad y organizar los recursos para llevarla a cabo: alguien capaz de ver una oportunidad de negocio y empezar un proyecto por iniciativa propia.<\/p>\n\n\n\n<p>Si eres joven emprendedor tienes ayudas espec\u00edficas, por ejemplo, el\u00a0Programa Enisa<a href=\"https:\/\/www.enisa.es\/\" target=\"_blank\" rel=\"noreferrer noopener\">\u00a0<\/a>del Ministerio de Industria.<\/p>\n\n\n\n<p>Te ofrece una l\u00ednea directamente destinada a apoyar nuevas PYMES creadas por j\u00f3venes emprendedores.<\/p>\n\n\n\n<p>Los requisitos son: Tener personalidad jur\u00eddica propia, que tu empresa haya sido constituida, como m\u00e1ximo, durante los 24 meses anteriores a la solicitud, tener tu actividad principal y tu domicilio social en el territorio nacional, tener un modelo de negocio innovador, novedoso o con claras ventajas competitivas. Adem\u00e1s, la mayor\u00eda del capital tiene que estar en manos de personas f\u00edsicas de&nbsp;edad no superior a 40 a\u00f1os.<\/p>\n\n\n\n<p>Podr\u00e1n financiarte la adquisici\u00f3n de activos fijos (lo que en contabilidad llaman \u201cinmovilizado\u201d, es decir, mobiliario, una nave u oficina, equipos inform\u00e1ticos, etc.) y del circulante necesario para la actividad (el dinero que necesitas para el d\u00eda a d\u00eda de tu negocio). Los socios tendr\u00e9is que aportar, v\u00eda capital social o a trav\u00e9s de fondos propios, al menos un 50 % del pr\u00e9stamo.<\/p>\n\n\n\n<h3 class=\"wp-block-heading\">Business \u00c0ngels<\/h3>\n\n\n\n<p>\u00bfSab\u00edas que el t\u00e9rmino Business \u00c0ngels&nbsp;procede de aquellos empresarios que a principios del siglo XX apoyaban con su dinero las primeras producciones teatrales de Broadway? Estos \u201c\u00e1ngeles de los negocios\u201d asumen altos niveles de riesgo y tambi\u00e9n recogen buenos beneficios del \u00e9xito de las start up en las que participan.<\/p>\n\n\n\n<p>Son una buena opci\u00f3n para la financiaci\u00f3n de los emprendedores puesto que aportan capital y talento.<\/p>\n\n\n\n<p>El&nbsp;Programa de impulso a las redes con Business&nbsp; \u00c1ngels&nbsp;lleva algunos a\u00f1os sin convocarse. Tendr\u00e1s que recurrir a alguna de las muchas iniciativas privadas que existen.<\/p>\n\n\n\n<h3 class=\"wp-block-heading\">Ayudas y subvenciones para emprender en las comunidades aut\u00f3nomas<\/h3>\n\n\n\n<p>Cada comunidad aut\u00f3noma gestiona ayudas y subvenciones para emprender en la creaci\u00f3n y modernizaci\u00f3n de empresas innovadoras. Hay subvenciones para&nbsp;financiar negocios&nbsp;innovadores, las nuevas inversiones, el turismo, la creaci\u00f3n de p\u00e1ginas web, el comercio online, el turismo, el peque\u00f1o comercio\u2026<\/p>\n\n\n\n<p>Antes de explicarte cu\u00e1les son las principales subvenciones recuerda que en general te suelen pedir documentos financiero y fiscales como las declaraciones de IVA o la \u00faltima declaraci\u00f3n de la renta (si quieres saber&nbsp;c\u00f3mo hacer la declaraci\u00f3n de la renta, en este art\u00edculo te damos las claves).&nbsp;<\/p>\n\n\n\n<p>La&nbsp;Comunidad de Madrid&nbsp;tiene una l\u00ednea de ayudas para trabajadores que se hagan aut\u00f3nomos o constituyan en empresa. Se trata de ayudas que subvencionan parte de los gastos necesarios para la puesta en marcha de su actividad empresarial. Podr\u00e1s conseguir hasta 2.500 euros (3.080 si eres mejor de 30 a\u00f1os, mujer desempleada o desempleado mayor de 45 a\u00f1os). Tambi\u00e9n hay ayudas si quieres montar una empresa de econom\u00eda social.<\/p>\n\n\n\n<p>Muy interesante resulta el&nbsp;Programa Esa Bic&nbsp;que facilita incentivos a proyectos empresariales y startups que utilicen tecnolog\u00edas espaciales o que desarrollen aplicaciones basadas en esas tecnolog\u00edas con el fin de crear nuevos productos y servicios.<\/p>\n\n\n\n<p>Y tambi\u00e9n podr\u00e1s contar con locales para poder desarrollar tu proyecto empresarial.<\/p>\n\n\n\n<p>En&nbsp;Andaluc\u00eda&nbsp;cuentan con el&nbsp;Programa de Est\u00edmulo a la Creaci\u00f3n y Consolidaci\u00f3n del Trabajo Aut\u00f3nomo&nbsp;y, adem\u00e1s, una subvenci\u00f3n extraordinaria para reducir a 30 euros tu cuota de aut\u00f3nomos.<\/p>\n\n\n\n<p>El&nbsp;&nbsp;Plan Adelante 2020-2023&nbsp;es la estrategia de acompa\u00f1amiento empresarial de Castilla-La Mancha. Cuenta con seis ejes de trabajo (Emprende, Invierte, Innova, Comercializa, Internacionaliza y Financia).<\/p>\n\n\n\n<p>El\u00a0Servicio de empleo vasco (Lambide)\u00a0\u00a0te podr\u00e1 informar de la l\u00edneas de ayudas para el \u00a0pago de la cotizaci\u00f3n como trabajador aut\u00f3nomo o para\u00a0 arrendamiento de locales de negocio.<\/p>\n\n\n\n<p>Y hay muchas m\u00e1s. Para conocer todos los programas disponibles deber\u00e1s contactar con la Consejer\u00eda encargada en tu Comunidad Aut\u00f3noma.<\/p>\n\n\n\n<p>Y no olvides que tambi\u00e9n los ayuntamientos cuentan con un programa de ayudas para crear una empresa, subvenciones para j\u00f3venes emprendedores, etc.<\/p>\n\n\n\n<h3 class=\"wp-block-heading\">Pr\u00e9stamos para emprendedores<\/h3>\n\n\n\n<p>Cada a\u00f1o el&nbsp;Instituto de Cr\u00e9dito Oficial&nbsp;, pone en marcha diferentes l\u00edneas de financiaci\u00f3n para aut\u00f3nomos y una empresas.<\/p>\n\n\n\n<p>Podr\u00e1s logar tu&nbsp;libertad financiera&nbsp;.<\/p>\n\n\n\n<p>Estos pr\u00e9stamos est\u00e1n destinados a financiar actividades empresariales y proyectos de inversi\u00f3n de aut\u00f3nomos, emprendedores y empresas, as\u00ed como su proceso de internacionalizaci\u00f3n.<\/p>\n\n\n\n<p>El importe m\u00e1ximo por cliente es de&nbsp;12,5 millones de euros, en una o varias operaciones. Y te pondr\u00e1n financiar: Actividades&nbsp;empresariales y\/o inversi\u00f3n y necesidades de liquidez dentro del territorio nacional; proyectos de digitalizaci\u00f3n y en particular los destinados a fomentar soluciones de&nbsp;teletrabajo. Podr\u00e1s tramitar diferentes operaciones:&nbsp; pr\u00e9stamo, leasing, renting o l\u00ednea de cr\u00e9dito. El&nbsp;tipo de inter\u00e9s puede ser&nbsp;fijo o variable, m\u00e1s el margen establecido por la entidad de cr\u00e9dito seg\u00fan el plazo de amortizaci\u00f3n y el&nbsp;plazo de amortizaci\u00f3n y carencia estar\u00e1 entre&nbsp;1 y 20 a\u00f1os con la posibilidad de hasta 3 a\u00f1os de carencia de principal en funci\u00f3n de los plazos.<\/p>\n\n\n\n<p>Y no olvides que siempre tendr\u00e1s que aportar un&nbsp;plan de negocio rentable&nbsp;.<\/p>\n\n\n\n<h2 class=\"wp-block-heading\">\u00bfQu\u00e9 negocio montar en 2023?<\/h2>\n\n\n\n<p>La pregunta del mill\u00f3n. Nadie sabe lo que el 2023 deparar\u00e1, pero s\u00ed que podemos confiar en una certeza: los usuarios desean satisfacer sus necesidades y, para ello, necesitar\u00e1n productos que resuelvan sus problemas.&nbsp;<\/p>\n\n\n\n<p>As\u00ed que aseg\u00farate de que tu idea es de utilidad para una audiencia y l\u00e1nzate a emprender. Con una buena base y con las ayudas p\u00fablicas disponibles, elegir qu\u00e9 negocio montar en 2023 te resultar\u00e1 mucho m\u00e1s sencillo.&nbsp;<\/p>\n\n\n\n<p>Fuente: <a href=\"https:\/\/www.oberlo.es\/blog\/ayudas-emprendedores\" target=\"_blank\" rel=\"noreferrer noopener\">Oberlo<\/a><\/p>\n\n\n\n<p>Desde Office Madrid te ayudamos con el crecimiento de tu negocio, poniendo a tu disposici\u00f3n a un grupo de profesionales de nuestra <a href=\"https:\/\/www.officemadrid.es\/tax-legal\/\">asesor\u00eda fiscal de Madrid <\/a>que te ayudar\u00e1n a que la gesti\u00f3n de tu empresa sea lo m\u00e1s eficiente y segura.<\/p>\n","protected":false},"excerpt":{"rendered":"<p>\u201cVoy a montar un negocio, pero necesito ayuda para emprender\u201d. Es una de las frases m\u00e1s escuchadas en nuestra asesor\u00eda laboral de Madrid. Seguro que esa es una de las frases que has pronunciado alguna vez. O, tal vez, ya tienes tu negocio en marcha y necesitas darle un empuj\u00f3n para crecer un poquito m\u00e1s. &#8230; <a title=\"20 ayudas y subvenciones para emprendedores 2023\" class=\"read-more\" href=\"https:\/\/www.officemadrid.es\/en\/20-ayudas-y-subvenciones-para-emprendedores-2023\/\" aria-label=\"Read more about 20 ayudas y subvenciones para emprendedores 2023\">Read more<\/a><\/p>\n","protected":false},"author":7,"featured_media":21496,"comment_status":"open","ping_status":"closed","sticky":false,"template":"","format":"standard","meta":{"_acf_changed":false,"footnotes":""},"categories":[15],"tags":[],"class_list":["post-21495","post","type-post","status-publish","format-standard","has-post-thumbnail","hentry","category-comunidad-officemadrid"],"acf":[],"yoast_head":"<!-- This site is optimized with the Yoast SEO plugin v27.4 - https:\/\/yoast.com\/product\/yoast-seo-wordpress\/ -->\n<title>20 ayudas y subvenciones para emprendedores 2023<\/title>\n<meta name=\"description\" content=\"El Estado y las Comunidades Aut\u00f3nomas arrancan con programas espec\u00edficos de apoyo a las empresas y ayudas o subvenciones\u00a0para emprendedores.\" \/>\n<meta name=\"robots\" content=\"index, follow, max-snippet:-1, max-image-preview:large, max-video-preview:-1\" \/>\n<link rel=\"canonical\" href=\"https:\/\/www.officemadrid.es\/en\/20-ayudas-y-subvenciones-para-emprendedores-2023\/\" \/>\n<meta property=\"og:locale\" content=\"en_US\" \/>\n<meta property=\"og:type\" content=\"article\" \/>\n<meta property=\"og:title\" content=\"20 ayudas y subvenciones para emprendedores 2023\" \/>\n<meta property=\"og:description\" content=\"El Estado y las Comunidades Aut\u00f3nomas arrancan con programas espec\u00edficos de apoyo a las empresas y ayudas o subvenciones\u00a0para emprendedores.\" \/>\n<meta property=\"og:url\" content=\"https:\/\/www.officemadrid.es\/en\/20-ayudas-y-subvenciones-para-emprendedores-2023\/\" \/>\n<meta property=\"og:site_name\" content=\"Office Madrid\" \/>\n<meta property=\"article:published_time\" content=\"2023-01-22T09:00:00+00:00\" \/>\n<meta property=\"og:image\" content=\"https:\/\/www.officemadrid.es\/\/wp-content\/uploads\/subvenciones-scaled.jpg\" \/>\n\t<meta property=\"og:image:width\" content=\"2560\" \/>\n\t<meta property=\"og:image:height\" content=\"1440\" \/>\n\t<meta property=\"og:image:type\" content=\"image\/jpeg\" \/>\n<meta name=\"author\" content=\"Comunicaci\u00f3n\" \/>\n<meta name=\"twitter:card\" content=\"summary_large_image\" \/>\n<meta name=\"twitter:label1\" content=\"Written by\" \/>\n\t<meta name=\"twitter:data1\" content=\"Comunicaci\u00f3n\" \/>\n\t<meta name=\"twitter:label2\" content=\"Est. reading time\" \/>\n\t<meta name=\"twitter:data2\" content=\"11 minutes\" \/>\n<script type=\"application\/ld+json\" class=\"yoast-schema-graph\">{\"@context\":\"https:\\\/\\\/schema.org\",\"@graph\":[{\"@type\":\"Article\",\"@id\":\"https:\\\/\\\/www.officemadrid.es\\\/en\\\/20-ayudas-y-subvenciones-para-emprendedores-2023\\\/#article\",\"isPartOf\":{\"@id\":\"https:\\\/\\\/www.officemadrid.es\\\/en\\\/20-ayudas-y-subvenciones-para-emprendedores-2023\\\/\"},\"author\":{\"name\":\"Comunicaci\u00f3n\",\"@id\":\"https:\\\/\\\/www.officemadrid.es\\\/en\\\/#\\\/schema\\\/person\\\/d59d0464f4a85622a56a3312d1ef4c60\"},\"headline\":\"20 ayudas y subvenciones para emprendedores 2023\",\"datePublished\":\"2023-01-22T09:00:00+00:00\",\"mainEntityOfPage\":{\"@id\":\"https:\\\/\\\/www.officemadrid.es\\\/en\\\/20-ayudas-y-subvenciones-para-emprendedores-2023\\\/\"},\"wordCount\":2557,\"commentCount\":0,\"publisher\":{\"@id\":\"https:\\\/\\\/www.officemadrid.es\\\/en\\\/#organization\"},\"image\":{\"@id\":\"https:\\\/\\\/www.officemadrid.es\\\/en\\\/20-ayudas-y-subvenciones-para-emprendedores-2023\\\/#primaryimage\"},\"thumbnailUrl\":\"https:\\\/\\\/www.officemadrid.es\\\/\\\/wp-content\\\/uploads\\\/subvenciones-scaled.jpg\",\"articleSection\":[\"Comunidad OfficeMadrid\"],\"inLanguage\":\"en-US\",\"potentialAction\":[{\"@type\":\"CommentAction\",\"name\":\"Comment\",\"target\":[\"https:\\\/\\\/www.officemadrid.es\\\/en\\\/20-ayudas-y-subvenciones-para-emprendedores-2023\\\/#respond\"]}]},{\"@type\":\"WebPage\",\"@id\":\"https:\\\/\\\/www.officemadrid.es\\\/en\\\/20-ayudas-y-subvenciones-para-emprendedores-2023\\\/\",\"url\":\"https:\\\/\\\/www.officemadrid.es\\\/en\\\/20-ayudas-y-subvenciones-para-emprendedores-2023\\\/\",\"name\":\"20 ayudas y subvenciones para emprendedores 2023\",\"isPartOf\":{\"@id\":\"https:\\\/\\\/www.officemadrid.es\\\/en\\\/#website\"},\"primaryImageOfPage\":{\"@id\":\"https:\\\/\\\/www.officemadrid.es\\\/en\\\/20-ayudas-y-subvenciones-para-emprendedores-2023\\\/#primaryimage\"},\"image\":{\"@id\":\"https:\\\/\\\/www.officemadrid.es\\\/en\\\/20-ayudas-y-subvenciones-para-emprendedores-2023\\\/#primaryimage\"},\"thumbnailUrl\":\"https:\\\/\\\/www.officemadrid.es\\\/\\\/wp-content\\\/uploads\\\/subvenciones-scaled.jpg\",\"datePublished\":\"2023-01-22T09:00:00+00:00\",\"description\":\"El Estado y las Comunidades Aut\u00f3nomas arrancan con programas espec\u00edficos de apoyo a las empresas y ayudas o subvenciones\u00a0para emprendedores.\",\"breadcrumb\":{\"@id\":\"https:\\\/\\\/www.officemadrid.es\\\/en\\\/20-ayudas-y-subvenciones-para-emprendedores-2023\\\/#breadcrumb\"},\"inLanguage\":\"en-US\",\"potentialAction\":[{\"@type\":\"ReadAction\",\"target\":[\"https:\\\/\\\/www.officemadrid.es\\\/en\\\/20-ayudas-y-subvenciones-para-emprendedores-2023\\\/\"]}]},{\"@type\":\"ImageObject\",\"inLanguage\":\"en-US\",\"@id\":\"https:\\\/\\\/www.officemadrid.es\\\/en\\\/20-ayudas-y-subvenciones-para-emprendedores-2023\\\/#primaryimage\",\"url\":\"https:\\\/\\\/www.officemadrid.es\\\/\\\/wp-content\\\/uploads\\\/subvenciones-scaled.jpg\",\"contentUrl\":\"https:\\\/\\\/www.officemadrid.es\\\/\\\/wp-content\\\/uploads\\\/subvenciones-scaled.jpg\",\"width\":2560,\"height\":1440,\"caption\":\"subvenciones\"},{\"@type\":\"BreadcrumbList\",\"@id\":\"https:\\\/\\\/www.officemadrid.es\\\/en\\\/20-ayudas-y-subvenciones-para-emprendedores-2023\\\/#breadcrumb\",\"itemListElement\":[{\"@type\":\"ListItem\",\"position\":1,\"name\":\"Portada\",\"item\":\"https:\\\/\\\/www.officemadrid.es\\\/en\\\/\"},{\"@type\":\"ListItem\",\"position\":2,\"name\":\"20 ayudas y subvenciones para emprendedores 2023\"}]},{\"@type\":\"WebSite\",\"@id\":\"https:\\\/\\\/www.officemadrid.es\\\/en\\\/#website\",\"url\":\"https:\\\/\\\/www.officemadrid.es\\\/en\\\/\",\"name\":\"Office Madrid\",\"description\":\"Tu centro de negocios en Madrid\",\"publisher\":{\"@id\":\"https:\\\/\\\/www.officemadrid.es\\\/en\\\/#organization\"},\"potentialAction\":[{\"@type\":\"SearchAction\",\"target\":{\"@type\":\"EntryPoint\",\"urlTemplate\":\"https:\\\/\\\/www.officemadrid.es\\\/en\\\/?s={search_term_string}\"},\"query-input\":{\"@type\":\"PropertyValueSpecification\",\"valueRequired\":true,\"valueName\":\"search_term_string\"}}],\"inLanguage\":\"en-US\"},{\"@type\":\"Organization\",\"@id\":\"https:\\\/\\\/www.officemadrid.es\\\/en\\\/#organization\",\"name\":\"Office Madrid\",\"url\":\"https:\\\/\\\/www.officemadrid.es\\\/en\\\/\",\"logo\":{\"@type\":\"ImageObject\",\"inLanguage\":\"en-US\",\"@id\":\"https:\\\/\\\/www.officemadrid.es\\\/en\\\/#\\\/schema\\\/logo\\\/image\\\/\",\"url\":\"https:\\\/\\\/www.officemadrid.es\\\/wp-content\\\/uploads\\\/office-madrid.png\",\"contentUrl\":\"https:\\\/\\\/www.officemadrid.es\\\/wp-content\\\/uploads\\\/office-madrid.png\",\"width\":256,\"height\":70,\"caption\":\"Office Madrid\"},\"image\":{\"@id\":\"https:\\\/\\\/www.officemadrid.es\\\/en\\\/#\\\/schema\\\/logo\\\/image\\\/\"}},{\"@type\":\"Person\",\"@id\":\"https:\\\/\\\/www.officemadrid.es\\\/en\\\/#\\\/schema\\\/person\\\/d59d0464f4a85622a56a3312d1ef4c60\",\"name\":\"Comunicaci\u00f3n\",\"image\":{\"@type\":\"ImageObject\",\"inLanguage\":\"en-US\",\"@id\":\"https:\\\/\\\/secure.gravatar.com\\\/avatar\\\/dc186aed6ece3a6fff86ffab8f2348477232c5847d3acce03683a46d406bbc31?s=96&d=mm&r=g\",\"url\":\"https:\\\/\\\/secure.gravatar.com\\\/avatar\\\/dc186aed6ece3a6fff86ffab8f2348477232c5847d3acce03683a46d406bbc31?s=96&d=mm&r=g\",\"contentUrl\":\"https:\\\/\\\/secure.gravatar.com\\\/avatar\\\/dc186aed6ece3a6fff86ffab8f2348477232c5847d3acce03683a46d406bbc31?s=96&d=mm&r=g\",\"caption\":\"Comunicaci\u00f3n\"},\"url\":\"https:\\\/\\\/www.officemadrid.es\\\/en\\\/author\\\/cuentas-dz\\\/\"}]}<\/script>\n<!-- \/ Yoast SEO plugin. -->","yoast_head_json":{"title":"20 ayudas y subvenciones para emprendedores 2023","description":"El Estado y las Comunidades Aut\u00f3nomas arrancan con programas espec\u00edficos de apoyo a las empresas y ayudas o subvenciones\u00a0para emprendedores.","robots":{"index":"index","follow":"follow","max-snippet":"max-snippet:-1","max-image-preview":"max-image-preview:large","max-video-preview":"max-video-preview:-1"},"canonical":"https:\/\/www.officemadrid.es\/en\/20-ayudas-y-subvenciones-para-emprendedores-2023\/","og_locale":"en_US","og_type":"article","og_title":"20 ayudas y subvenciones para emprendedores 2023","og_description":"El Estado y las Comunidades Aut\u00f3nomas arrancan con programas espec\u00edficos de apoyo a las empresas y ayudas o subvenciones\u00a0para emprendedores.","og_url":"https:\/\/www.officemadrid.es\/en\/20-ayudas-y-subvenciones-para-emprendedores-2023\/","og_site_name":"Office Madrid","article_published_time":"2023-01-22T09:00:00+00:00","og_image":[{"width":2560,"height":1440,"url":"https:\/\/www.officemadrid.es\/\/wp-content\/uploads\/subvenciones-scaled.jpg","type":"image\/jpeg"}],"author":"Comunicaci\u00f3n","twitter_card":"summary_large_image","twitter_misc":{"Written by":"Comunicaci\u00f3n","Est. reading time":"11 minutes"},"schema":{"@context":"https:\/\/schema.org","@graph":[{"@type":"Article","@id":"https:\/\/www.officemadrid.es\/en\/20-ayudas-y-subvenciones-para-emprendedores-2023\/#article","isPartOf":{"@id":"https:\/\/www.officemadrid.es\/en\/20-ayudas-y-subvenciones-para-emprendedores-2023\/"},"author":{"name":"Comunicaci\u00f3n","@id":"https:\/\/www.officemadrid.es\/en\/#\/schema\/person\/d59d0464f4a85622a56a3312d1ef4c60"},"headline":"20 ayudas y subvenciones para emprendedores 2023","datePublished":"2023-01-22T09:00:00+00:00","mainEntityOfPage":{"@id":"https:\/\/www.officemadrid.es\/en\/20-ayudas-y-subvenciones-para-emprendedores-2023\/"},"wordCount":2557,"commentCount":0,"publisher":{"@id":"https:\/\/www.officemadrid.es\/en\/#organization"},"image":{"@id":"https:\/\/www.officemadrid.es\/en\/20-ayudas-y-subvenciones-para-emprendedores-2023\/#primaryimage"},"thumbnailUrl":"https:\/\/www.officemadrid.es\/\/wp-content\/uploads\/subvenciones-scaled.jpg","articleSection":["Comunidad OfficeMadrid"],"inLanguage":"en-US","potentialAction":[{"@type":"CommentAction","name":"Comment","target":["https:\/\/www.officemadrid.es\/en\/20-ayudas-y-subvenciones-para-emprendedores-2023\/#respond"]}]},{"@type":"WebPage","@id":"https:\/\/www.officemadrid.es\/en\/20-ayudas-y-subvenciones-para-emprendedores-2023\/","url":"https:\/\/www.officemadrid.es\/en\/20-ayudas-y-subvenciones-para-emprendedores-2023\/","name":"20 ayudas y subvenciones para emprendedores 2023","isPartOf":{"@id":"https:\/\/www.officemadrid.es\/en\/#website"},"primaryImageOfPage":{"@id":"https:\/\/www.officemadrid.es\/en\/20-ayudas-y-subvenciones-para-emprendedores-2023\/#primaryimage"},"image":{"@id":"https:\/\/www.officemadrid.es\/en\/20-ayudas-y-subvenciones-para-emprendedores-2023\/#primaryimage"},"thumbnailUrl":"https:\/\/www.officemadrid.es\/\/wp-content\/uploads\/subvenciones-scaled.jpg","datePublished":"2023-01-22T09:00:00+00:00","description":"El Estado y las Comunidades Aut\u00f3nomas arrancan con programas espec\u00edficos de apoyo a las empresas y ayudas o subvenciones\u00a0para emprendedores.","breadcrumb":{"@id":"https:\/\/www.officemadrid.es\/en\/20-ayudas-y-subvenciones-para-emprendedores-2023\/#breadcrumb"},"inLanguage":"en-US","potentialAction":[{"@type":"ReadAction","target":["https:\/\/www.officemadrid.es\/en\/20-ayudas-y-subvenciones-para-emprendedores-2023\/"]}]},{"@type":"ImageObject","inLanguage":"en-US","@id":"https:\/\/www.officemadrid.es\/en\/20-ayudas-y-subvenciones-para-emprendedores-2023\/#primaryimage","url":"https:\/\/www.officemadrid.es\/\/wp-content\/uploads\/subvenciones-scaled.jpg","contentUrl":"https:\/\/www.officemadrid.es\/\/wp-content\/uploads\/subvenciones-scaled.jpg","width":2560,"height":1440,"caption":"subvenciones"},{"@type":"BreadcrumbList","@id":"https:\/\/www.officemadrid.es\/en\/20-ayudas-y-subvenciones-para-emprendedores-2023\/#breadcrumb","itemListElement":[{"@type":"ListItem","position":1,"name":"Portada","item":"https:\/\/www.officemadrid.es\/en\/"},{"@type":"ListItem","position":2,"name":"20 ayudas y subvenciones para emprendedores 2023"}]},{"@type":"WebSite","@id":"https:\/\/www.officemadrid.es\/en\/#website","url":"https:\/\/www.officemadrid.es\/en\/","name":"Office Madrid","description":"Tu centro de negocios en Madrid","publisher":{"@id":"https:\/\/www.officemadrid.es\/en\/#organization"},"potentialAction":[{"@type":"SearchAction","target":{"@type":"EntryPoint","urlTemplate":"https:\/\/www.officemadrid.es\/en\/?s={search_term_string}"},"query-input":{"@type":"PropertyValueSpecification","valueRequired":true,"valueName":"search_term_string"}}],"inLanguage":"en-US"},{"@type":"Organization","@id":"https:\/\/www.officemadrid.es\/en\/#organization","name":"Office Madrid","url":"https:\/\/www.officemadrid.es\/en\/","logo":{"@type":"ImageObject","inLanguage":"en-US","@id":"https:\/\/www.officemadrid.es\/en\/#\/schema\/logo\/image\/","url":"https:\/\/www.officemadrid.es\/wp-content\/uploads\/office-madrid.png","contentUrl":"https:\/\/www.officemadrid.es\/wp-content\/uploads\/office-madrid.png","width":256,"height":70,"caption":"Office Madrid"},"image":{"@id":"https:\/\/www.officemadrid.es\/en\/#\/schema\/logo\/image\/"}},{"@type":"Person","@id":"https:\/\/www.officemadrid.es\/en\/#\/schema\/person\/d59d0464f4a85622a56a3312d1ef4c60","name":"Comunicaci\u00f3n","image":{"@type":"ImageObject","inLanguage":"en-US","@id":"https:\/\/secure.gravatar.com\/avatar\/dc186aed6ece3a6fff86ffab8f2348477232c5847d3acce03683a46d406bbc31?s=96&d=mm&r=g","url":"https:\/\/secure.gravatar.com\/avatar\/dc186aed6ece3a6fff86ffab8f2348477232c5847d3acce03683a46d406bbc31?s=96&d=mm&r=g","contentUrl":"https:\/\/secure.gravatar.com\/avatar\/dc186aed6ece3a6fff86ffab8f2348477232c5847d3acce03683a46d406bbc31?s=96&d=mm&r=g","caption":"Comunicaci\u00f3n"},"url":"https:\/\/www.officemadrid.es\/en\/author\/cuentas-dz\/"}]}},"_links":{"self":[{"href":"https:\/\/www.officemadrid.es\/en\/wp-json\/wp\/v2\/posts\/21495","targetHints":{"allow":["GET"]}}],"collection":[{"href":"https:\/\/www.officemadrid.es\/en\/wp-json\/wp\/v2\/posts"}],"about":[{"href":"https:\/\/www.officemadrid.es\/en\/wp-json\/wp\/v2\/types\/post"}],"author":[{"embeddable":true,"href":"https:\/\/www.officemadrid.es\/en\/wp-json\/wp\/v2\/users\/7"}],"replies":[{"embeddable":true,"href":"https:\/\/www.officemadrid.es\/en\/wp-json\/wp\/v2\/comments?post=21495"}],"version-history":[{"count":0,"href":"https:\/\/www.officemadrid.es\/en\/wp-json\/wp\/v2\/posts\/21495\/revisions"}],"wp:featuredmedia":[{"embeddable":true,"href":"https:\/\/www.officemadrid.es\/en\/wp-json\/wp\/v2\/media\/21496"}],"wp:attachment":[{"href":"https:\/\/www.officemadrid.es\/en\/wp-json\/wp\/v2\/media?parent=21495"}],"wp:term":[{"taxonomy":"category","embeddable":true,"href":"https:\/\/www.officemadrid.es\/en\/wp-json\/wp\/v2\/categories?post=21495"},{"taxonomy":"post_tag","embeddable":true,"href":"https:\/\/www.officemadrid.es\/en\/wp-json\/wp\/v2\/tags?post=21495"}],"curies":[{"name":"wp","href":"https:\/\/api.w.org\/{rel}","templated":true}]}}