{"id":23788,"date":"2023-09-11T11:13:10","date_gmt":"2023-09-11T09:13:10","guid":{"rendered":"https:\/\/www.officemadrid.es\/?p=23788"},"modified":"2023-09-11T11:34:53","modified_gmt":"2023-09-11T09:34:53","slug":"el-cafe-en-bares-un-impulso-para-emprendedores-y-distribuidores","status":"publish","type":"post","link":"https:\/\/www.officemadrid.es\/en\/el-cafe-en-bares-un-impulso-para-emprendedores-y-distribuidores\/","title":{"rendered":"El caf\u00e9 en bares: Un impulso para emprendedores y distribuidores"},"content":{"rendered":"\n<p>El aroma del caf\u00e9 reci\u00e9n hecho, el sonido del vaporizador de leche, y la conversaci\u00f3n animada de los clientes se mezclan en la atm\u00f3sfera acogedora de un bar. Los bares son lugares emblem\u00e1ticos en la vida social de las ciudades, y el caf\u00e9 es una de las bebidas m\u00e1s consumidas en todo el mundo. Esta sinergia entre el caf\u00e9 y los bares presenta oportunidades \u00fanicas para emprendedores y distribuidores de caf\u00e9.<\/p>\n\n\n\n<p>En este art\u00edculo, exploraremos c\u00f3mo el negocio de ser un distribuidor de caf\u00e9 para bares puede ser una opci\u00f3n atractiva y rentable en el mundo empresarial.<\/p>\n\n\n\n<p><strong>El caf\u00e9 como motor de emprendimiento<\/strong><\/p>\n\n\n\n<p><strong>El caf\u00e9 como elemento unificador:<\/strong>&nbsp;En un mundo en constante movimiento, los bares son refugios donde la gente se re\u00fane para socializar, trabajar o simplemente relajarse. El caf\u00e9, con su capacidad para unir a las personas, es una parte esencial de esta experiencia. Para los emprendedores, esto representa una oportunidad para crear un negocio centrado en la comunidad.<\/p>\n\n\n\n<p><strong>Innovaci\u00f3n en la experiencia del caf\u00e9:<\/strong>&nbsp;Los bares modernos no se limitan a servir solo caf\u00e9 est\u00e1ndar. Los consumidores buscan experiencias \u00fanicas, desde caf\u00e9s de especialidad hasta m\u00e9todos de preparaci\u00f3n innovadores. Los emprendedores pueden aprovechar esta tendencia para ofrecer a los bares productos y servicios diferenciados que satisfagan las demandas cambiantes de los clientes.<\/p>\n\n\n\n<p><strong>Distribuci\u00f3n de caf\u00e9 para bares: Un mercado en crecimiento<\/strong><\/p>\n\n\n\n<p><strong>La importancia de la calidad:<\/strong>&nbsp;Los bares buscan constantemente ofrecer caf\u00e9 de alta calidad para mantener y atraer a sus clientes. Los distribuidores de caf\u00e9 pueden jugar un papel crucial al proporcionar productos de calidad y asesoramiento experto sobre la selecci\u00f3n y preparaci\u00f3n del caf\u00e9.<\/p>\n\n\n\n<p>Ofrecer variedad: La diversidad de preferencias de caf\u00e9 es asombrosa. Los distribuidores pueden ayudar a los bares a expandir sus ofertas, brindando una amplia gama de granos, mezclas y m\u00e9todos de preparaci\u00f3n que se adapten a los gustos individuales de los clientes.<\/p>\n\n\n\n<p><strong>Datos y tendencias actuales<\/strong><\/p>\n\n\n\n<p>Seg\u00fan la Asociaci\u00f3n Nacional del Caf\u00e9, el consumo de caf\u00e9 en bares y cafeter\u00edas en Espa\u00f1a ha aumentado un 15% en los \u00faltimos dos a\u00f1os, reflejando la creciente importancia de la experiencia del caf\u00e9 para los clientes.<\/p>\n\n\n\n<p>En cuanto a las tendencias, el caf\u00e9 de especialidad contin\u00faa ganando terreno, con un aumento del 10% en su demanda en bares y restaurantes. Adem\u00e1s, el inter\u00e9s en pr\u00e1cticas sostenibles, como el caf\u00e9 de comercio justo y org\u00e1nico, est\u00e1 en constante crecimiento.<\/p>\n\n\n\n<p><strong>Conclusiones<\/strong><\/p>\n\n\n\n<p>En resumen, el mundo del caf\u00e9 y los bares es un entorno vibrante y en constante cambio que ofrece oportunidades emocionantes para emprendedores y distribuidores. La calidad y la diversidad son clave, y el compromiso con las tendencias actuales, como el caf\u00e9 de especialidad y la sostenibilidad, puede marcar la diferencia.<\/p>\n\n\n\n<p>Si est\u00e1s considerando entrar en el negocio como&nbsp;<a href=\"https:\/\/www.proveedores.com\/cafe\/\" target=\"_blank\" rel=\"noreferrer noopener\">distribuidor de caf\u00e9 para bares<\/a>, ten en cuenta las necesidades cambiantes de los clientes y trabaja en colaboraci\u00f3n con los bares para ofrecer experiencias de caf\u00e9 memorables. En este mercado en crecimiento, el caf\u00e9 en bares no solo es una bebida, sino un medio para crear comunidades y experiencias \u00fanicas.<\/p>\n\n\n\n<p>As\u00ed que, \u00bfest\u00e1s listo para unirte a la emocionante revoluci\u00f3n del caf\u00e9 en bares? Con la calidad y la innovaci\u00f3n como tus principales aliados, \u00a1el \u00e9xito est\u00e1 al alcance de tu taza!<\/p>\n","protected":false},"excerpt":{"rendered":"<p>El aroma del caf\u00e9 reci\u00e9n hecho, el sonido del vaporizador de leche, y la conversaci\u00f3n animada de los clientes se mezclan en la atm\u00f3sfera acogedora de un bar. Los bares son lugares emblem\u00e1ticos en la vida social de las ciudades, y el caf\u00e9 es una de las bebidas m\u00e1s consumidas en todo el mundo. Esta &#8230; <a title=\"El caf\u00e9 en bares: Un impulso para emprendedores y distribuidores\" class=\"read-more\" href=\"https:\/\/www.officemadrid.es\/en\/el-cafe-en-bares-un-impulso-para-emprendedores-y-distribuidores\/\" aria-label=\"Read more about El caf\u00e9 en bares: Un impulso para emprendedores y distribuidores\">Read more<\/a><\/p>\n","protected":false},"author":7,"featured_media":23789,"comment_status":"open","ping_status":"closed","sticky":false,"template":"","format":"standard","meta":{"_acf_changed":false,"footnotes":""},"categories":[15],"tags":[],"class_list":["post-23788","post","type-post","status-publish","format-standard","has-post-thumbnail","hentry","category-comunidad-officemadrid"],"acf":[],"yoast_head":"<!-- This site is optimized with the Yoast SEO plugin v27.4 - https:\/\/yoast.com\/product\/yoast-seo-wordpress\/ -->\n<title>El caf\u00e9 en bares: Un impulso para emprendedores y distribuidores - Office Madrid<\/title>\n<meta name=\"description\" content=\"El aroma del caf\u00e9 reci\u00e9n hecho, el sonido del vaporizador de leche, y la conversaci\u00f3n animada de los clientes se mezclan en la atm\u00f3sfera acogedora de un bar.\" \/>\n<meta name=\"robots\" content=\"index, follow, max-snippet:-1, max-image-preview:large, max-video-preview:-1\" \/>\n<link rel=\"canonical\" href=\"https:\/\/www.officemadrid.es\/en\/el-cafe-en-bares-un-impulso-para-emprendedores-y-distribuidores\/\" \/>\n<meta property=\"og:locale\" content=\"en_US\" \/>\n<meta property=\"og:type\" content=\"article\" \/>\n<meta property=\"og:title\" content=\"El caf\u00e9 en bares: Un impulso para emprendedores y distribuidores - Office Madrid\" \/>\n<meta property=\"og:description\" content=\"El aroma del caf\u00e9 reci\u00e9n hecho, el sonido del vaporizador de leche, y la conversaci\u00f3n animada de los clientes se mezclan en la atm\u00f3sfera acogedora de un bar.\" \/>\n<meta property=\"og:url\" content=\"https:\/\/www.officemadrid.es\/en\/el-cafe-en-bares-un-impulso-para-emprendedores-y-distribuidores\/\" \/>\n<meta property=\"og:site_name\" content=\"Office Madrid\" \/>\n<meta property=\"article:published_time\" content=\"2023-09-11T09:13:10+00:00\" \/>\n<meta property=\"article:modified_time\" content=\"2023-09-11T09:34:53+00:00\" \/>\n<meta property=\"og:image\" content=\"https:\/\/www.officemadrid.es\/\/wp-content\/uploads\/cafe-oficina-scaled.jpg\" \/>\n\t<meta property=\"og:image:width\" content=\"2560\" \/>\n\t<meta property=\"og:image:height\" content=\"1305\" \/>\n\t<meta property=\"og:image:type\" content=\"image\/jpeg\" \/>\n<meta name=\"author\" content=\"Comunicaci\u00f3n\" \/>\n<meta name=\"twitter:card\" content=\"summary_large_image\" \/>\n<meta name=\"twitter:label1\" content=\"Written by\" \/>\n\t<meta name=\"twitter:data1\" content=\"Comunicaci\u00f3n\" \/>\n\t<meta name=\"twitter:label2\" content=\"Est. reading time\" \/>\n\t<meta name=\"twitter:data2\" content=\"3 minutes\" \/>\n<script type=\"application\/ld+json\" class=\"yoast-schema-graph\">{\"@context\":\"https:\\\/\\\/schema.org\",\"@graph\":[{\"@type\":\"Article\",\"@id\":\"https:\\\/\\\/www.officemadrid.es\\\/en\\\/el-cafe-en-bares-un-impulso-para-emprendedores-y-distribuidores\\\/#article\",\"isPartOf\":{\"@id\":\"https:\\\/\\\/www.officemadrid.es\\\/en\\\/el-cafe-en-bares-un-impulso-para-emprendedores-y-distribuidores\\\/\"},\"author\":{\"name\":\"Comunicaci\u00f3n\",\"@id\":\"https:\\\/\\\/www.officemadrid.es\\\/en\\\/#\\\/schema\\\/person\\\/d59d0464f4a85622a56a3312d1ef4c60\"},\"headline\":\"El caf\u00e9 en bares: Un impulso para emprendedores y distribuidores\",\"datePublished\":\"2023-09-11T09:13:10+00:00\",\"dateModified\":\"2023-09-11T09:34:53+00:00\",\"mainEntityOfPage\":{\"@id\":\"https:\\\/\\\/www.officemadrid.es\\\/en\\\/el-cafe-en-bares-un-impulso-para-emprendedores-y-distribuidores\\\/\"},\"wordCount\":582,\"commentCount\":0,\"publisher\":{\"@id\":\"https:\\\/\\\/www.officemadrid.es\\\/en\\\/#organization\"},\"image\":{\"@id\":\"https:\\\/\\\/www.officemadrid.es\\\/en\\\/el-cafe-en-bares-un-impulso-para-emprendedores-y-distribuidores\\\/#primaryimage\"},\"thumbnailUrl\":\"https:\\\/\\\/www.officemadrid.es\\\/\\\/wp-content\\\/uploads\\\/cafe-oficina-scaled.jpg\",\"articleSection\":[\"Comunidad OfficeMadrid\"],\"inLanguage\":\"en-US\",\"potentialAction\":[{\"@type\":\"CommentAction\",\"name\":\"Comment\",\"target\":[\"https:\\\/\\\/www.officemadrid.es\\\/en\\\/el-cafe-en-bares-un-impulso-para-emprendedores-y-distribuidores\\\/#respond\"]}]},{\"@type\":\"WebPage\",\"@id\":\"https:\\\/\\\/www.officemadrid.es\\\/en\\\/el-cafe-en-bares-un-impulso-para-emprendedores-y-distribuidores\\\/\",\"url\":\"https:\\\/\\\/www.officemadrid.es\\\/en\\\/el-cafe-en-bares-un-impulso-para-emprendedores-y-distribuidores\\\/\",\"name\":\"El caf\u00e9 en bares: Un impulso para emprendedores y distribuidores - Office Madrid\",\"isPartOf\":{\"@id\":\"https:\\\/\\\/www.officemadrid.es\\\/en\\\/#website\"},\"primaryImageOfPage\":{\"@id\":\"https:\\\/\\\/www.officemadrid.es\\\/en\\\/el-cafe-en-bares-un-impulso-para-emprendedores-y-distribuidores\\\/#primaryimage\"},\"image\":{\"@id\":\"https:\\\/\\\/www.officemadrid.es\\\/en\\\/el-cafe-en-bares-un-impulso-para-emprendedores-y-distribuidores\\\/#primaryimage\"},\"thumbnailUrl\":\"https:\\\/\\\/www.officemadrid.es\\\/\\\/wp-content\\\/uploads\\\/cafe-oficina-scaled.jpg\",\"datePublished\":\"2023-09-11T09:13:10+00:00\",\"dateModified\":\"2023-09-11T09:34:53+00:00\",\"description\":\"El aroma del caf\u00e9 reci\u00e9n hecho, el sonido del vaporizador de leche, y la conversaci\u00f3n animada de los clientes se mezclan en la atm\u00f3sfera acogedora de un bar.\",\"breadcrumb\":{\"@id\":\"https:\\\/\\\/www.officemadrid.es\\\/en\\\/el-cafe-en-bares-un-impulso-para-emprendedores-y-distribuidores\\\/#breadcrumb\"},\"inLanguage\":\"en-US\",\"potentialAction\":[{\"@type\":\"ReadAction\",\"target\":[\"https:\\\/\\\/www.officemadrid.es\\\/en\\\/el-cafe-en-bares-un-impulso-para-emprendedores-y-distribuidores\\\/\"]}]},{\"@type\":\"ImageObject\",\"inLanguage\":\"en-US\",\"@id\":\"https:\\\/\\\/www.officemadrid.es\\\/en\\\/el-cafe-en-bares-un-impulso-para-emprendedores-y-distribuidores\\\/#primaryimage\",\"url\":\"https:\\\/\\\/www.officemadrid.es\\\/\\\/wp-content\\\/uploads\\\/cafe-oficina-scaled.jpg\",\"contentUrl\":\"https:\\\/\\\/www.officemadrid.es\\\/\\\/wp-content\\\/uploads\\\/cafe-oficina-scaled.jpg\",\"width\":2560,\"height\":1305,\"caption\":\"Business meeting. Two young people at the office table, man and woman working together. Teamwork, modern creative office concept, close up view\"},{\"@type\":\"BreadcrumbList\",\"@id\":\"https:\\\/\\\/www.officemadrid.es\\\/en\\\/el-cafe-en-bares-un-impulso-para-emprendedores-y-distribuidores\\\/#breadcrumb\",\"itemListElement\":[{\"@type\":\"ListItem\",\"position\":1,\"name\":\"Portada\",\"item\":\"https:\\\/\\\/www.officemadrid.es\\\/en\\\/\"},{\"@type\":\"ListItem\",\"position\":2,\"name\":\"El caf\u00e9 en bares: Un impulso para emprendedores y distribuidores\"}]},{\"@type\":\"WebSite\",\"@id\":\"https:\\\/\\\/www.officemadrid.es\\\/en\\\/#website\",\"url\":\"https:\\\/\\\/www.officemadrid.es\\\/en\\\/\",\"name\":\"Office Madrid\",\"description\":\"Tu centro de negocios en Madrid\",\"publisher\":{\"@id\":\"https:\\\/\\\/www.officemadrid.es\\\/en\\\/#organization\"},\"potentialAction\":[{\"@type\":\"SearchAction\",\"target\":{\"@type\":\"EntryPoint\",\"urlTemplate\":\"https:\\\/\\\/www.officemadrid.es\\\/en\\\/?s={search_term_string}\"},\"query-input\":{\"@type\":\"PropertyValueSpecification\",\"valueRequired\":true,\"valueName\":\"search_term_string\"}}],\"inLanguage\":\"en-US\"},{\"@type\":\"Organization\",\"@id\":\"https:\\\/\\\/www.officemadrid.es\\\/en\\\/#organization\",\"name\":\"Office Madrid\",\"url\":\"https:\\\/\\\/www.officemadrid.es\\\/en\\\/\",\"logo\":{\"@type\":\"ImageObject\",\"inLanguage\":\"en-US\",\"@id\":\"https:\\\/\\\/www.officemadrid.es\\\/en\\\/#\\\/schema\\\/logo\\\/image\\\/\",\"url\":\"https:\\\/\\\/www.officemadrid.es\\\/wp-content\\\/uploads\\\/office-madrid.png\",\"contentUrl\":\"https:\\\/\\\/www.officemadrid.es\\\/wp-content\\\/uploads\\\/office-madrid.png\",\"width\":256,\"height\":70,\"caption\":\"Office Madrid\"},\"image\":{\"@id\":\"https:\\\/\\\/www.officemadrid.es\\\/en\\\/#\\\/schema\\\/logo\\\/image\\\/\"}},{\"@type\":\"Person\",\"@id\":\"https:\\\/\\\/www.officemadrid.es\\\/en\\\/#\\\/schema\\\/person\\\/d59d0464f4a85622a56a3312d1ef4c60\",\"name\":\"Comunicaci\u00f3n\",\"image\":{\"@type\":\"ImageObject\",\"inLanguage\":\"en-US\",\"@id\":\"https:\\\/\\\/secure.gravatar.com\\\/avatar\\\/dc186aed6ece3a6fff86ffab8f2348477232c5847d3acce03683a46d406bbc31?s=96&d=mm&r=g\",\"url\":\"https:\\\/\\\/secure.gravatar.com\\\/avatar\\\/dc186aed6ece3a6fff86ffab8f2348477232c5847d3acce03683a46d406bbc31?s=96&d=mm&r=g\",\"contentUrl\":\"https:\\\/\\\/secure.gravatar.com\\\/avatar\\\/dc186aed6ece3a6fff86ffab8f2348477232c5847d3acce03683a46d406bbc31?s=96&d=mm&r=g\",\"caption\":\"Comunicaci\u00f3n\"},\"url\":\"https:\\\/\\\/www.officemadrid.es\\\/en\\\/author\\\/cuentas-dz\\\/\"}]}<\/script>\n<!-- \/ Yoast SEO plugin. -->","yoast_head_json":{"title":"El caf\u00e9 en bares: Un impulso para emprendedores y distribuidores - Office Madrid","description":"El aroma del caf\u00e9 reci\u00e9n hecho, el sonido del vaporizador de leche, y la conversaci\u00f3n animada de los clientes se mezclan en la atm\u00f3sfera acogedora de un bar.","robots":{"index":"index","follow":"follow","max-snippet":"max-snippet:-1","max-image-preview":"max-image-preview:large","max-video-preview":"max-video-preview:-1"},"canonical":"https:\/\/www.officemadrid.es\/en\/el-cafe-en-bares-un-impulso-para-emprendedores-y-distribuidores\/","og_locale":"en_US","og_type":"article","og_title":"El caf\u00e9 en bares: Un impulso para emprendedores y distribuidores - Office Madrid","og_description":"El aroma del caf\u00e9 reci\u00e9n hecho, el sonido del vaporizador de leche, y la conversaci\u00f3n animada de los clientes se mezclan en la atm\u00f3sfera acogedora de un bar.","og_url":"https:\/\/www.officemadrid.es\/en\/el-cafe-en-bares-un-impulso-para-emprendedores-y-distribuidores\/","og_site_name":"Office Madrid","article_published_time":"2023-09-11T09:13:10+00:00","article_modified_time":"2023-09-11T09:34:53+00:00","og_image":[{"width":2560,"height":1305,"url":"https:\/\/www.officemadrid.es\/\/wp-content\/uploads\/cafe-oficina-scaled.jpg","type":"image\/jpeg"}],"author":"Comunicaci\u00f3n","twitter_card":"summary_large_image","twitter_misc":{"Written by":"Comunicaci\u00f3n","Est. reading time":"3 minutes"},"schema":{"@context":"https:\/\/schema.org","@graph":[{"@type":"Article","@id":"https:\/\/www.officemadrid.es\/en\/el-cafe-en-bares-un-impulso-para-emprendedores-y-distribuidores\/#article","isPartOf":{"@id":"https:\/\/www.officemadrid.es\/en\/el-cafe-en-bares-un-impulso-para-emprendedores-y-distribuidores\/"},"author":{"name":"Comunicaci\u00f3n","@id":"https:\/\/www.officemadrid.es\/en\/#\/schema\/person\/d59d0464f4a85622a56a3312d1ef4c60"},"headline":"El caf\u00e9 en bares: Un impulso para emprendedores y distribuidores","datePublished":"2023-09-11T09:13:10+00:00","dateModified":"2023-09-11T09:34:53+00:00","mainEntityOfPage":{"@id":"https:\/\/www.officemadrid.es\/en\/el-cafe-en-bares-un-impulso-para-emprendedores-y-distribuidores\/"},"wordCount":582,"commentCount":0,"publisher":{"@id":"https:\/\/www.officemadrid.es\/en\/#organization"},"image":{"@id":"https:\/\/www.officemadrid.es\/en\/el-cafe-en-bares-un-impulso-para-emprendedores-y-distribuidores\/#primaryimage"},"thumbnailUrl":"https:\/\/www.officemadrid.es\/\/wp-content\/uploads\/cafe-oficina-scaled.jpg","articleSection":["Comunidad OfficeMadrid"],"inLanguage":"en-US","potentialAction":[{"@type":"CommentAction","name":"Comment","target":["https:\/\/www.officemadrid.es\/en\/el-cafe-en-bares-un-impulso-para-emprendedores-y-distribuidores\/#respond"]}]},{"@type":"WebPage","@id":"https:\/\/www.officemadrid.es\/en\/el-cafe-en-bares-un-impulso-para-emprendedores-y-distribuidores\/","url":"https:\/\/www.officemadrid.es\/en\/el-cafe-en-bares-un-impulso-para-emprendedores-y-distribuidores\/","name":"El caf\u00e9 en bares: Un impulso para emprendedores y distribuidores - Office Madrid","isPartOf":{"@id":"https:\/\/www.officemadrid.es\/en\/#website"},"primaryImageOfPage":{"@id":"https:\/\/www.officemadrid.es\/en\/el-cafe-en-bares-un-impulso-para-emprendedores-y-distribuidores\/#primaryimage"},"image":{"@id":"https:\/\/www.officemadrid.es\/en\/el-cafe-en-bares-un-impulso-para-emprendedores-y-distribuidores\/#primaryimage"},"thumbnailUrl":"https:\/\/www.officemadrid.es\/\/wp-content\/uploads\/cafe-oficina-scaled.jpg","datePublished":"2023-09-11T09:13:10+00:00","dateModified":"2023-09-11T09:34:53+00:00","description":"El aroma del caf\u00e9 reci\u00e9n hecho, el sonido del vaporizador de leche, y la conversaci\u00f3n animada de los clientes se mezclan en la atm\u00f3sfera acogedora de un bar.","breadcrumb":{"@id":"https:\/\/www.officemadrid.es\/en\/el-cafe-en-bares-un-impulso-para-emprendedores-y-distribuidores\/#breadcrumb"},"inLanguage":"en-US","potentialAction":[{"@type":"ReadAction","target":["https:\/\/www.officemadrid.es\/en\/el-cafe-en-bares-un-impulso-para-emprendedores-y-distribuidores\/"]}]},{"@type":"ImageObject","inLanguage":"en-US","@id":"https:\/\/www.officemadrid.es\/en\/el-cafe-en-bares-un-impulso-para-emprendedores-y-distribuidores\/#primaryimage","url":"https:\/\/www.officemadrid.es\/\/wp-content\/uploads\/cafe-oficina-scaled.jpg","contentUrl":"https:\/\/www.officemadrid.es\/\/wp-content\/uploads\/cafe-oficina-scaled.jpg","width":2560,"height":1305,"caption":"Business meeting. Two young people at the office table, man and woman working together. Teamwork, modern creative office concept, close up view"},{"@type":"BreadcrumbList","@id":"https:\/\/www.officemadrid.es\/en\/el-cafe-en-bares-un-impulso-para-emprendedores-y-distribuidores\/#breadcrumb","itemListElement":[{"@type":"ListItem","position":1,"name":"Portada","item":"https:\/\/www.officemadrid.es\/en\/"},{"@type":"ListItem","position":2,"name":"El caf\u00e9 en bares: Un impulso para emprendedores y distribuidores"}]},{"@type":"WebSite","@id":"https:\/\/www.officemadrid.es\/en\/#website","url":"https:\/\/www.officemadrid.es\/en\/","name":"Office Madrid","description":"Tu centro de negocios en Madrid","publisher":{"@id":"https:\/\/www.officemadrid.es\/en\/#organization"},"potentialAction":[{"@type":"SearchAction","target":{"@type":"EntryPoint","urlTemplate":"https:\/\/www.officemadrid.es\/en\/?s={search_term_string}"},"query-input":{"@type":"PropertyValueSpecification","valueRequired":true,"valueName":"search_term_string"}}],"inLanguage":"en-US"},{"@type":"Organization","@id":"https:\/\/www.officemadrid.es\/en\/#organization","name":"Office Madrid","url":"https:\/\/www.officemadrid.es\/en\/","logo":{"@type":"ImageObject","inLanguage":"en-US","@id":"https:\/\/www.officemadrid.es\/en\/#\/schema\/logo\/image\/","url":"https:\/\/www.officemadrid.es\/wp-content\/uploads\/office-madrid.png","contentUrl":"https:\/\/www.officemadrid.es\/wp-content\/uploads\/office-madrid.png","width":256,"height":70,"caption":"Office Madrid"},"image":{"@id":"https:\/\/www.officemadrid.es\/en\/#\/schema\/logo\/image\/"}},{"@type":"Person","@id":"https:\/\/www.officemadrid.es\/en\/#\/schema\/person\/d59d0464f4a85622a56a3312d1ef4c60","name":"Comunicaci\u00f3n","image":{"@type":"ImageObject","inLanguage":"en-US","@id":"https:\/\/secure.gravatar.com\/avatar\/dc186aed6ece3a6fff86ffab8f2348477232c5847d3acce03683a46d406bbc31?s=96&d=mm&r=g","url":"https:\/\/secure.gravatar.com\/avatar\/dc186aed6ece3a6fff86ffab8f2348477232c5847d3acce03683a46d406bbc31?s=96&d=mm&r=g","contentUrl":"https:\/\/secure.gravatar.com\/avatar\/dc186aed6ece3a6fff86ffab8f2348477232c5847d3acce03683a46d406bbc31?s=96&d=mm&r=g","caption":"Comunicaci\u00f3n"},"url":"https:\/\/www.officemadrid.es\/en\/author\/cuentas-dz\/"}]}},"_links":{"self":[{"href":"https:\/\/www.officemadrid.es\/en\/wp-json\/wp\/v2\/posts\/23788","targetHints":{"allow":["GET"]}}],"collection":[{"href":"https:\/\/www.officemadrid.es\/en\/wp-json\/wp\/v2\/posts"}],"about":[{"href":"https:\/\/www.officemadrid.es\/en\/wp-json\/wp\/v2\/types\/post"}],"author":[{"embeddable":true,"href":"https:\/\/www.officemadrid.es\/en\/wp-json\/wp\/v2\/users\/7"}],"replies":[{"embeddable":true,"href":"https:\/\/www.officemadrid.es\/en\/wp-json\/wp\/v2\/comments?post=23788"}],"version-history":[{"count":0,"href":"https:\/\/www.officemadrid.es\/en\/wp-json\/wp\/v2\/posts\/23788\/revisions"}],"wp:featuredmedia":[{"embeddable":true,"href":"https:\/\/www.officemadrid.es\/en\/wp-json\/wp\/v2\/media\/23789"}],"wp:attachment":[{"href":"https:\/\/www.officemadrid.es\/en\/wp-json\/wp\/v2\/media?parent=23788"}],"wp:term":[{"taxonomy":"category","embeddable":true,"href":"https:\/\/www.officemadrid.es\/en\/wp-json\/wp\/v2\/categories?post=23788"},{"taxonomy":"post_tag","embeddable":true,"href":"https:\/\/www.officemadrid.es\/en\/wp-json\/wp\/v2\/tags?post=23788"}],"curies":[{"name":"wp","href":"https:\/\/api.w.org\/{rel}","templated":true}]}}