{"id":27428,"date":"2025-07-02T11:27:23","date_gmt":"2025-07-02T09:27:23","guid":{"rendered":"https:\/\/www.officemadrid.es\/?p=27428"},"modified":"2025-07-02T11:27:24","modified_gmt":"2025-07-02T09:27:24","slug":"oficinas-flexibles-la-solucion-para-equipos-hibridos-durante-el-verano","status":"publish","type":"post","link":"https:\/\/www.officemadrid.es\/en\/oficinas-flexibles-la-solucion-para-equipos-hibridos-durante-el-verano\/","title":{"rendered":"Oficinas flexibles: la soluci\u00f3n para equipos h\u00edbridos durante el verano"},"content":{"rendered":"\n<p>Durante los meses de verano, muchas empresas se enfrentan a un reto habitual: la rotaci\u00f3n de personal por vacaciones. Esta situaci\u00f3n, combinada con modelos de trabajo h\u00edbrido cada vez m\u00e1s extendidos, pone a prueba la eficiencia operativa y el aprovechamiento de los espacios de trabajo. En este contexto, las <strong>oficinas flexibles<\/strong> se presentan como una soluci\u00f3n \u00e1gil y eficiente para mantener la productividad sin asumir costes innecesarios.<\/p>\n\n\n\n<h2 class=\"wp-block-heading\">\u00bfPor qu\u00e9 elegir oficinas flexibles en verano?<\/h2>\n\n\n\n<p>Las oficinas flexibles permiten a las empresas adaptar su espacio de trabajo a sus necesidades reales en cada momento. Durante el verano, cuando la mayor\u00eda de los equipos se reducen por los turnos de descanso, mantener oficinas grandes y semivac\u00edas implica un gasto fijo que no siempre se justifica.<\/p>\n\n\n\n<p>Al optar por un modelo flexible, las empresas pueden escalar hacia arriba o hacia abajo su espacio disponible sin comprometer calidad, comodidad ni tecnolog\u00eda. Esto es especialmente \u00fatil para compa\u00f1\u00edas con modelos h\u00edbridos, donde solo una parte del equipo trabaja presencialmente cada d\u00eda.<\/p>\n\n\n\n<p>Adem\u00e1s, el entorno veraniego promueve el trabajo en remoto, pero siempre es \u00fatil contar con un espacio f\u00edsico para reuniones presenciales, trabajo colaborativo o simplemente como punto de encuentro para empleados y clientes. Las oficinas flexibles permiten reservar salas de reuniones o puestos de trabajo por horas, d\u00edas o semanas, seg\u00fan convenga.<\/p>\n\n\n\n<h2 class=\"wp-block-heading\">Ventajas clave para empresas con equipos h\u00edbridos<\/h2>\n\n\n\n<p><strong>1. Optimizaci\u00f3n de recursos:<\/strong><br>Al pagar solo por el espacio utilizado, las empresas evitan el derroche de recursos y pueden reinvertir en otras \u00e1reas clave del negocio, como talento, formaci\u00f3n o tecnolog\u00eda.<\/p>\n\n\n\n<p><strong>2. Mayor bienestar del equipo:<\/strong><br>Los entornos flexibles suelen estar dise\u00f1ados pensando en el confort y la productividad. Disponer de espacios luminosos, bien ubicados, climatizados y con servicios incluidos mejora notablemente la experiencia del empleado.<\/p>\n\n\n\n<p><strong>3. Ubicaci\u00f3n estrat\u00e9gica:<\/strong><br>Muchas oficinas flexibles se encuentran en zonas c\u00e9ntricas o bien comunicadas, lo que facilita los desplazamientos de quienes acuden puntualmente a la oficina, incluso en pleno verano. Esto es clave para empresas que valoran la accesibilidad y la imagen corporativa.<\/p>\n\n\n\n<p><strong>4. Tecnolog\u00eda y servicios incluidos:<\/strong><br>Desde conexi\u00f3n de alta velocidad hasta salas de videoconferencia equipadas, pasando por servicios de recepci\u00f3n y soporte administrativo, las oficinas flexibles est\u00e1n pensadas para que las empresas se enfoquen en su negocio, sin preocuparse por cuestiones log\u00edsticas.<\/p>\n\n\n\n<h2 class=\"wp-block-heading\">Un impulso para la continuidad del negocio<\/h2>\n\n\n\n<p>Para empresas que no pueden permitirse frenar su actividad en verano, las oficinas flexibles garantizan continuidad operativa. Se pueden organizar turnos de asistencia presencial, mantener reuniones con clientes o proveedores y seguir trabajando con normalidad, incluso cuando el resto del equipo est\u00e9 de vacaciones o trabajando en remoto.<\/p>\n\n\n\n<p>Este modelo tambi\u00e9n resulta ideal para proyectos temporales, contrataciones por campa\u00f1a o para alojar equipos externos de forma puntual, sin tener que alquilar una oficina completa durante meses.<\/p>\n\n\n\n<h2 class=\"wp-block-heading\">El valor a\u00f1adido de un Centro de Negocios en Madrid<\/h2>\n\n\n\n<p>Contar con una soluci\u00f3n flexible en un entorno profesional, como nuestro <strong><a href=\"https:\/\/www.officemadrid.es\/\">Centro de Negocios en Madrid<\/a><\/strong>, aporta un valor a\u00f1adido importante. No solo por la infraestructura y los servicios que ofrecen, sino por la posibilidad de establecer sinergias con otras empresas y profesionales.<\/p>\n\n\n\n<p>Madrid es un hub empresarial clave en Espa\u00f1a y Europa. Disponer de presencia f\u00edsica, aunque sea puntual o parcial, en una ubicaci\u00f3n estrat\u00e9gica como esta, mejora la imagen corporativa y abre oportunidades de negocio que dif\u00edcilmente se conseguir\u00edan desde un modelo 100% remoto.<\/p>\n\n\n\n<p>Las oficinas flexibles son m\u00e1s que una soluci\u00f3n temporal: representan una nueva forma de concebir el espacio de trabajo en un entorno profesional cambiante. En verano, cuando las empresas necesitan adaptabilidad sin perder eficiencia, este modelo permite mantener el ritmo, cuidar del equipo y optimizar los recursos. Si est\u00e1s valorando el <strong><a href=\"https:\/\/www.officemadrid.es\/alquiler-de-despachos\/\">alquiler de oficinas<\/a><\/strong> de forma inteligente durante los meses estivales, considera este tipo de espacios como una inversi\u00f3n pr\u00e1ctica y estrat\u00e9gica para tu organizaci\u00f3n.<\/p>\n","protected":false},"excerpt":{"rendered":"<p>Durante los meses de verano, muchas empresas se enfrentan a un reto habitual: la rotaci\u00f3n de personal por vacaciones. Esta situaci\u00f3n, combinada con modelos de trabajo h\u00edbrido cada vez m\u00e1s extendidos, pone a prueba la eficiencia operativa y el aprovechamiento de los espacios de trabajo. En este contexto, las oficinas flexibles se presentan como una &#8230; <a title=\"Oficinas flexibles: la soluci\u00f3n para equipos h\u00edbridos durante el verano\" class=\"read-more\" href=\"https:\/\/www.officemadrid.es\/en\/oficinas-flexibles-la-solucion-para-equipos-hibridos-durante-el-verano\/\" aria-label=\"Read more about Oficinas flexibles: la soluci\u00f3n para equipos h\u00edbridos durante el verano\">Read more<\/a><\/p>\n","protected":false},"author":7,"featured_media":27429,"comment_status":"open","ping_status":"closed","sticky":false,"template":"","format":"standard","meta":{"_acf_changed":false,"footnotes":""},"categories":[16],"tags":[533],"class_list":["post-27428","post","type-post","status-publish","format-standard","has-post-thumbnail","hentry","category-espacios-flexibles","tag-oficina-flexible"],"acf":[],"yoast_head":"<!-- This site is optimized with the Yoast SEO plugin v27.4 - https:\/\/yoast.com\/product\/yoast-seo-wordpress\/ -->\n<title>Oficinas flexibles: la soluci\u00f3n para equipos h\u00edbridos durante el verano - Office Madrid<\/title>\n<meta name=\"description\" content=\"Este verano las oficinas flexibles se presentan como una soluci\u00f3n \u00e1gil y eficiente para mantener la productividad sin asumir costes innecesarios.\" \/>\n<meta name=\"robots\" content=\"index, follow, max-snippet:-1, max-image-preview:large, max-video-preview:-1\" \/>\n<link rel=\"canonical\" href=\"https:\/\/www.officemadrid.es\/en\/oficinas-flexibles-la-solucion-para-equipos-hibridos-durante-el-verano\/\" \/>\n<meta property=\"og:locale\" content=\"en_US\" \/>\n<meta property=\"og:type\" content=\"article\" \/>\n<meta property=\"og:title\" content=\"Oficinas flexibles: la soluci\u00f3n para equipos h\u00edbridos durante el verano - Office Madrid\" \/>\n<meta property=\"og:description\" content=\"Este verano las oficinas flexibles se presentan como una soluci\u00f3n \u00e1gil y eficiente para mantener la productividad sin asumir costes innecesarios.\" \/>\n<meta property=\"og:url\" content=\"https:\/\/www.officemadrid.es\/en\/oficinas-flexibles-la-solucion-para-equipos-hibridos-durante-el-verano\/\" \/>\n<meta property=\"og:site_name\" content=\"Office Madrid\" \/>\n<meta property=\"article:published_time\" content=\"2025-07-02T09:27:23+00:00\" \/>\n<meta property=\"article:modified_time\" content=\"2025-07-02T09:27:24+00:00\" \/>\n<meta property=\"og:image\" content=\"https:\/\/www.officemadrid.es\/\/wp-content\/uploads\/oficina-flexible-verano.jpg\" \/>\n\t<meta property=\"og:image:width\" content=\"1000\" \/>\n\t<meta property=\"og:image:height\" content=\"667\" \/>\n\t<meta property=\"og:image:type\" content=\"image\/jpeg\" \/>\n<meta name=\"author\" content=\"Comunicaci\u00f3n\" \/>\n<meta name=\"twitter:card\" content=\"summary_large_image\" \/>\n<meta name=\"twitter:label1\" content=\"Written by\" \/>\n\t<meta name=\"twitter:data1\" content=\"Comunicaci\u00f3n\" \/>\n\t<meta name=\"twitter:label2\" content=\"Est. reading time\" \/>\n\t<meta name=\"twitter:data2\" content=\"4 minutes\" \/>\n<script type=\"application\/ld+json\" class=\"yoast-schema-graph\">{\"@context\":\"https:\\\/\\\/schema.org\",\"@graph\":[{\"@type\":\"Article\",\"@id\":\"https:\\\/\\\/www.officemadrid.es\\\/en\\\/oficinas-flexibles-la-solucion-para-equipos-hibridos-durante-el-verano\\\/#article\",\"isPartOf\":{\"@id\":\"https:\\\/\\\/www.officemadrid.es\\\/en\\\/oficinas-flexibles-la-solucion-para-equipos-hibridos-durante-el-verano\\\/\"},\"author\":{\"name\":\"Comunicaci\u00f3n\",\"@id\":\"https:\\\/\\\/www.officemadrid.es\\\/en\\\/#\\\/schema\\\/person\\\/d59d0464f4a85622a56a3312d1ef4c60\"},\"headline\":\"Oficinas flexibles: la soluci\u00f3n para equipos h\u00edbridos durante el verano\",\"datePublished\":\"2025-07-02T09:27:23+00:00\",\"dateModified\":\"2025-07-02T09:27:24+00:00\",\"mainEntityOfPage\":{\"@id\":\"https:\\\/\\\/www.officemadrid.es\\\/en\\\/oficinas-flexibles-la-solucion-para-equipos-hibridos-durante-el-verano\\\/\"},\"wordCount\":684,\"commentCount\":0,\"publisher\":{\"@id\":\"https:\\\/\\\/www.officemadrid.es\\\/en\\\/#organization\"},\"image\":{\"@id\":\"https:\\\/\\\/www.officemadrid.es\\\/en\\\/oficinas-flexibles-la-solucion-para-equipos-hibridos-durante-el-verano\\\/#primaryimage\"},\"thumbnailUrl\":\"https:\\\/\\\/www.officemadrid.es\\\/\\\/wp-content\\\/uploads\\\/oficina-flexible-verano.jpg\",\"keywords\":[\"oficina flexible\"],\"articleSection\":[\"Espacios flexibles\"],\"inLanguage\":\"en-US\",\"potentialAction\":[{\"@type\":\"CommentAction\",\"name\":\"Comment\",\"target\":[\"https:\\\/\\\/www.officemadrid.es\\\/en\\\/oficinas-flexibles-la-solucion-para-equipos-hibridos-durante-el-verano\\\/#respond\"]}]},{\"@type\":\"WebPage\",\"@id\":\"https:\\\/\\\/www.officemadrid.es\\\/en\\\/oficinas-flexibles-la-solucion-para-equipos-hibridos-durante-el-verano\\\/\",\"url\":\"https:\\\/\\\/www.officemadrid.es\\\/en\\\/oficinas-flexibles-la-solucion-para-equipos-hibridos-durante-el-verano\\\/\",\"name\":\"Oficinas flexibles: la soluci\u00f3n para equipos h\u00edbridos durante el verano - Office Madrid\",\"isPartOf\":{\"@id\":\"https:\\\/\\\/www.officemadrid.es\\\/en\\\/#website\"},\"primaryImageOfPage\":{\"@id\":\"https:\\\/\\\/www.officemadrid.es\\\/en\\\/oficinas-flexibles-la-solucion-para-equipos-hibridos-durante-el-verano\\\/#primaryimage\"},\"image\":{\"@id\":\"https:\\\/\\\/www.officemadrid.es\\\/en\\\/oficinas-flexibles-la-solucion-para-equipos-hibridos-durante-el-verano\\\/#primaryimage\"},\"thumbnailUrl\":\"https:\\\/\\\/www.officemadrid.es\\\/\\\/wp-content\\\/uploads\\\/oficina-flexible-verano.jpg\",\"datePublished\":\"2025-07-02T09:27:23+00:00\",\"dateModified\":\"2025-07-02T09:27:24+00:00\",\"description\":\"Este verano las oficinas flexibles se presentan como una soluci\u00f3n \u00e1gil y eficiente para mantener la productividad sin asumir costes innecesarios.\",\"breadcrumb\":{\"@id\":\"https:\\\/\\\/www.officemadrid.es\\\/en\\\/oficinas-flexibles-la-solucion-para-equipos-hibridos-durante-el-verano\\\/#breadcrumb\"},\"inLanguage\":\"en-US\",\"potentialAction\":[{\"@type\":\"ReadAction\",\"target\":[\"https:\\\/\\\/www.officemadrid.es\\\/en\\\/oficinas-flexibles-la-solucion-para-equipos-hibridos-durante-el-verano\\\/\"]}]},{\"@type\":\"ImageObject\",\"inLanguage\":\"en-US\",\"@id\":\"https:\\\/\\\/www.officemadrid.es\\\/en\\\/oficinas-flexibles-la-solucion-para-equipos-hibridos-durante-el-verano\\\/#primaryimage\",\"url\":\"https:\\\/\\\/www.officemadrid.es\\\/\\\/wp-content\\\/uploads\\\/oficina-flexible-verano.jpg\",\"contentUrl\":\"https:\\\/\\\/www.officemadrid.es\\\/\\\/wp-content\\\/uploads\\\/oficina-flexible-verano.jpg\",\"width\":1000,\"height\":667,\"caption\":\"oficina flexible verano\"},{\"@type\":\"BreadcrumbList\",\"@id\":\"https:\\\/\\\/www.officemadrid.es\\\/en\\\/oficinas-flexibles-la-solucion-para-equipos-hibridos-durante-el-verano\\\/#breadcrumb\",\"itemListElement\":[{\"@type\":\"ListItem\",\"position\":1,\"name\":\"Portada\",\"item\":\"https:\\\/\\\/www.officemadrid.es\\\/en\\\/\"},{\"@type\":\"ListItem\",\"position\":2,\"name\":\"Oficinas flexibles: la soluci\u00f3n para equipos h\u00edbridos durante el verano\"}]},{\"@type\":\"WebSite\",\"@id\":\"https:\\\/\\\/www.officemadrid.es\\\/en\\\/#website\",\"url\":\"https:\\\/\\\/www.officemadrid.es\\\/en\\\/\",\"name\":\"Office Madrid\",\"description\":\"Tu centro de negocios en Madrid\",\"publisher\":{\"@id\":\"https:\\\/\\\/www.officemadrid.es\\\/en\\\/#organization\"},\"potentialAction\":[{\"@type\":\"SearchAction\",\"target\":{\"@type\":\"EntryPoint\",\"urlTemplate\":\"https:\\\/\\\/www.officemadrid.es\\\/en\\\/?s={search_term_string}\"},\"query-input\":{\"@type\":\"PropertyValueSpecification\",\"valueRequired\":true,\"valueName\":\"search_term_string\"}}],\"inLanguage\":\"en-US\"},{\"@type\":\"Organization\",\"@id\":\"https:\\\/\\\/www.officemadrid.es\\\/en\\\/#organization\",\"name\":\"Office Madrid\",\"url\":\"https:\\\/\\\/www.officemadrid.es\\\/en\\\/\",\"logo\":{\"@type\":\"ImageObject\",\"inLanguage\":\"en-US\",\"@id\":\"https:\\\/\\\/www.officemadrid.es\\\/en\\\/#\\\/schema\\\/logo\\\/image\\\/\",\"url\":\"https:\\\/\\\/www.officemadrid.es\\\/wp-content\\\/uploads\\\/office-madrid.png\",\"contentUrl\":\"https:\\\/\\\/www.officemadrid.es\\\/wp-content\\\/uploads\\\/office-madrid.png\",\"width\":256,\"height\":70,\"caption\":\"Office Madrid\"},\"image\":{\"@id\":\"https:\\\/\\\/www.officemadrid.es\\\/en\\\/#\\\/schema\\\/logo\\\/image\\\/\"}},{\"@type\":\"Person\",\"@id\":\"https:\\\/\\\/www.officemadrid.es\\\/en\\\/#\\\/schema\\\/person\\\/d59d0464f4a85622a56a3312d1ef4c60\",\"name\":\"Comunicaci\u00f3n\",\"image\":{\"@type\":\"ImageObject\",\"inLanguage\":\"en-US\",\"@id\":\"https:\\\/\\\/secure.gravatar.com\\\/avatar\\\/dc186aed6ece3a6fff86ffab8f2348477232c5847d3acce03683a46d406bbc31?s=96&d=mm&r=g\",\"url\":\"https:\\\/\\\/secure.gravatar.com\\\/avatar\\\/dc186aed6ece3a6fff86ffab8f2348477232c5847d3acce03683a46d406bbc31?s=96&d=mm&r=g\",\"contentUrl\":\"https:\\\/\\\/secure.gravatar.com\\\/avatar\\\/dc186aed6ece3a6fff86ffab8f2348477232c5847d3acce03683a46d406bbc31?s=96&d=mm&r=g\",\"caption\":\"Comunicaci\u00f3n\"},\"url\":\"https:\\\/\\\/www.officemadrid.es\\\/en\\\/author\\\/cuentas-dz\\\/\"}]}<\/script>\n<!-- \/ Yoast SEO plugin. -->","yoast_head_json":{"title":"Oficinas flexibles: la soluci\u00f3n para equipos h\u00edbridos durante el verano - Office Madrid","description":"Este verano las oficinas flexibles se presentan como una soluci\u00f3n \u00e1gil y eficiente para mantener la productividad sin asumir costes innecesarios.","robots":{"index":"index","follow":"follow","max-snippet":"max-snippet:-1","max-image-preview":"max-image-preview:large","max-video-preview":"max-video-preview:-1"},"canonical":"https:\/\/www.officemadrid.es\/en\/oficinas-flexibles-la-solucion-para-equipos-hibridos-durante-el-verano\/","og_locale":"en_US","og_type":"article","og_title":"Oficinas flexibles: la soluci\u00f3n para equipos h\u00edbridos durante el verano - Office Madrid","og_description":"Este verano las oficinas flexibles se presentan como una soluci\u00f3n \u00e1gil y eficiente para mantener la productividad sin asumir costes innecesarios.","og_url":"https:\/\/www.officemadrid.es\/en\/oficinas-flexibles-la-solucion-para-equipos-hibridos-durante-el-verano\/","og_site_name":"Office Madrid","article_published_time":"2025-07-02T09:27:23+00:00","article_modified_time":"2025-07-02T09:27:24+00:00","og_image":[{"width":1000,"height":667,"url":"https:\/\/www.officemadrid.es\/\/wp-content\/uploads\/oficina-flexible-verano.jpg","type":"image\/jpeg"}],"author":"Comunicaci\u00f3n","twitter_card":"summary_large_image","twitter_misc":{"Written by":"Comunicaci\u00f3n","Est. reading time":"4 minutes"},"schema":{"@context":"https:\/\/schema.org","@graph":[{"@type":"Article","@id":"https:\/\/www.officemadrid.es\/en\/oficinas-flexibles-la-solucion-para-equipos-hibridos-durante-el-verano\/#article","isPartOf":{"@id":"https:\/\/www.officemadrid.es\/en\/oficinas-flexibles-la-solucion-para-equipos-hibridos-durante-el-verano\/"},"author":{"name":"Comunicaci\u00f3n","@id":"https:\/\/www.officemadrid.es\/en\/#\/schema\/person\/d59d0464f4a85622a56a3312d1ef4c60"},"headline":"Oficinas flexibles: la soluci\u00f3n para equipos h\u00edbridos durante el verano","datePublished":"2025-07-02T09:27:23+00:00","dateModified":"2025-07-02T09:27:24+00:00","mainEntityOfPage":{"@id":"https:\/\/www.officemadrid.es\/en\/oficinas-flexibles-la-solucion-para-equipos-hibridos-durante-el-verano\/"},"wordCount":684,"commentCount":0,"publisher":{"@id":"https:\/\/www.officemadrid.es\/en\/#organization"},"image":{"@id":"https:\/\/www.officemadrid.es\/en\/oficinas-flexibles-la-solucion-para-equipos-hibridos-durante-el-verano\/#primaryimage"},"thumbnailUrl":"https:\/\/www.officemadrid.es\/\/wp-content\/uploads\/oficina-flexible-verano.jpg","keywords":["oficina flexible"],"articleSection":["Espacios flexibles"],"inLanguage":"en-US","potentialAction":[{"@type":"CommentAction","name":"Comment","target":["https:\/\/www.officemadrid.es\/en\/oficinas-flexibles-la-solucion-para-equipos-hibridos-durante-el-verano\/#respond"]}]},{"@type":"WebPage","@id":"https:\/\/www.officemadrid.es\/en\/oficinas-flexibles-la-solucion-para-equipos-hibridos-durante-el-verano\/","url":"https:\/\/www.officemadrid.es\/en\/oficinas-flexibles-la-solucion-para-equipos-hibridos-durante-el-verano\/","name":"Oficinas flexibles: la soluci\u00f3n para equipos h\u00edbridos durante el verano - Office Madrid","isPartOf":{"@id":"https:\/\/www.officemadrid.es\/en\/#website"},"primaryImageOfPage":{"@id":"https:\/\/www.officemadrid.es\/en\/oficinas-flexibles-la-solucion-para-equipos-hibridos-durante-el-verano\/#primaryimage"},"image":{"@id":"https:\/\/www.officemadrid.es\/en\/oficinas-flexibles-la-solucion-para-equipos-hibridos-durante-el-verano\/#primaryimage"},"thumbnailUrl":"https:\/\/www.officemadrid.es\/\/wp-content\/uploads\/oficina-flexible-verano.jpg","datePublished":"2025-07-02T09:27:23+00:00","dateModified":"2025-07-02T09:27:24+00:00","description":"Este verano las oficinas flexibles se presentan como una soluci\u00f3n \u00e1gil y eficiente para mantener la productividad sin asumir costes innecesarios.","breadcrumb":{"@id":"https:\/\/www.officemadrid.es\/en\/oficinas-flexibles-la-solucion-para-equipos-hibridos-durante-el-verano\/#breadcrumb"},"inLanguage":"en-US","potentialAction":[{"@type":"ReadAction","target":["https:\/\/www.officemadrid.es\/en\/oficinas-flexibles-la-solucion-para-equipos-hibridos-durante-el-verano\/"]}]},{"@type":"ImageObject","inLanguage":"en-US","@id":"https:\/\/www.officemadrid.es\/en\/oficinas-flexibles-la-solucion-para-equipos-hibridos-durante-el-verano\/#primaryimage","url":"https:\/\/www.officemadrid.es\/\/wp-content\/uploads\/oficina-flexible-verano.jpg","contentUrl":"https:\/\/www.officemadrid.es\/\/wp-content\/uploads\/oficina-flexible-verano.jpg","width":1000,"height":667,"caption":"oficina flexible verano"},{"@type":"BreadcrumbList","@id":"https:\/\/www.officemadrid.es\/en\/oficinas-flexibles-la-solucion-para-equipos-hibridos-durante-el-verano\/#breadcrumb","itemListElement":[{"@type":"ListItem","position":1,"name":"Portada","item":"https:\/\/www.officemadrid.es\/en\/"},{"@type":"ListItem","position":2,"name":"Oficinas flexibles: la soluci\u00f3n para equipos h\u00edbridos durante el verano"}]},{"@type":"WebSite","@id":"https:\/\/www.officemadrid.es\/en\/#website","url":"https:\/\/www.officemadrid.es\/en\/","name":"Office Madrid","description":"Tu centro de negocios en Madrid","publisher":{"@id":"https:\/\/www.officemadrid.es\/en\/#organization"},"potentialAction":[{"@type":"SearchAction","target":{"@type":"EntryPoint","urlTemplate":"https:\/\/www.officemadrid.es\/en\/?s={search_term_string}"},"query-input":{"@type":"PropertyValueSpecification","valueRequired":true,"valueName":"search_term_string"}}],"inLanguage":"en-US"},{"@type":"Organization","@id":"https:\/\/www.officemadrid.es\/en\/#organization","name":"Office Madrid","url":"https:\/\/www.officemadrid.es\/en\/","logo":{"@type":"ImageObject","inLanguage":"en-US","@id":"https:\/\/www.officemadrid.es\/en\/#\/schema\/logo\/image\/","url":"https:\/\/www.officemadrid.es\/wp-content\/uploads\/office-madrid.png","contentUrl":"https:\/\/www.officemadrid.es\/wp-content\/uploads\/office-madrid.png","width":256,"height":70,"caption":"Office Madrid"},"image":{"@id":"https:\/\/www.officemadrid.es\/en\/#\/schema\/logo\/image\/"}},{"@type":"Person","@id":"https:\/\/www.officemadrid.es\/en\/#\/schema\/person\/d59d0464f4a85622a56a3312d1ef4c60","name":"Comunicaci\u00f3n","image":{"@type":"ImageObject","inLanguage":"en-US","@id":"https:\/\/secure.gravatar.com\/avatar\/dc186aed6ece3a6fff86ffab8f2348477232c5847d3acce03683a46d406bbc31?s=96&d=mm&r=g","url":"https:\/\/secure.gravatar.com\/avatar\/dc186aed6ece3a6fff86ffab8f2348477232c5847d3acce03683a46d406bbc31?s=96&d=mm&r=g","contentUrl":"https:\/\/secure.gravatar.com\/avatar\/dc186aed6ece3a6fff86ffab8f2348477232c5847d3acce03683a46d406bbc31?s=96&d=mm&r=g","caption":"Comunicaci\u00f3n"},"url":"https:\/\/www.officemadrid.es\/en\/author\/cuentas-dz\/"}]}},"_links":{"self":[{"href":"https:\/\/www.officemadrid.es\/en\/wp-json\/wp\/v2\/posts\/27428","targetHints":{"allow":["GET"]}}],"collection":[{"href":"https:\/\/www.officemadrid.es\/en\/wp-json\/wp\/v2\/posts"}],"about":[{"href":"https:\/\/www.officemadrid.es\/en\/wp-json\/wp\/v2\/types\/post"}],"author":[{"embeddable":true,"href":"https:\/\/www.officemadrid.es\/en\/wp-json\/wp\/v2\/users\/7"}],"replies":[{"embeddable":true,"href":"https:\/\/www.officemadrid.es\/en\/wp-json\/wp\/v2\/comments?post=27428"}],"version-history":[{"count":1,"href":"https:\/\/www.officemadrid.es\/en\/wp-json\/wp\/v2\/posts\/27428\/revisions"}],"predecessor-version":[{"id":27431,"href":"https:\/\/www.officemadrid.es\/en\/wp-json\/wp\/v2\/posts\/27428\/revisions\/27431"}],"wp:featuredmedia":[{"embeddable":true,"href":"https:\/\/www.officemadrid.es\/en\/wp-json\/wp\/v2\/media\/27429"}],"wp:attachment":[{"href":"https:\/\/www.officemadrid.es\/en\/wp-json\/wp\/v2\/media?parent=27428"}],"wp:term":[{"taxonomy":"category","embeddable":true,"href":"https:\/\/www.officemadrid.es\/en\/wp-json\/wp\/v2\/categories?post=27428"},{"taxonomy":"post_tag","embeddable":true,"href":"https:\/\/www.officemadrid.es\/en\/wp-json\/wp\/v2\/tags?post=27428"}],"curies":[{"name":"wp","href":"https:\/\/api.w.org\/{rel}","templated":true}]}}