{"id":27526,"date":"2025-08-01T13:33:57","date_gmt":"2025-08-01T11:33:57","guid":{"rendered":"https:\/\/www.officemadrid.es\/?p=27526"},"modified":"2025-08-01T13:33:59","modified_gmt":"2025-08-01T11:33:59","slug":"cuando-entra-en-vigor-verifactu-adaptate-al-cambio","status":"publish","type":"post","link":"https:\/\/www.officemadrid.es\/en\/cuando-entra-en-vigor-verifactu-adaptate-al-cambio\/","title":{"rendered":"\u00bfCu\u00e1ndo entra en vigor VeriFactu? Ad\u00e1ptate al cambio"},"content":{"rendered":"\n<p>La digitalizaci\u00f3n fiscal sigue avanzando y trae consigo nuevas obligaciones para empresas y aut\u00f3nomos. Una de las m\u00e1s importantes es el nuevo sistema<a href=\"https:\/\/sede.agenciatributaria.gob.es\/Sede\/iva\/sistemas-informaticos-facturacion-verifactu.html\" target=\"_blank\" rel=\"noreferrer noopener\"> <strong>VeriFactu<\/strong><\/a>, que transformar\u00e1 por completo la forma en la que se generan, almacenan y env\u00edan las facturas a Hacienda. Aunque todav\u00eda falta algo de tiempo para su entrada en vigor, muchas empresas ya est\u00e1n adaptando sus procesos para evitar problemas futuros.<\/p>\n\n\n\n<p>Hoy, en nuestro <a href=\"https:\/\/www.officemadrid.es\/coworking\/\" target=\"_blank\" rel=\"noreferrer noopener\">coworking en Madrid<\/a>, te contamos todo lo que necesitas saber sobre este cambio clave en el \u00e1mbito fiscal y c\u00f3mo prepararte para cumplir sin complicaciones.<\/p>\n\n\n\n<h2 class=\"wp-block-heading\">\u00bfQu\u00e9 es VeriFactu y por qu\u00e9 es importante?<\/h2>\n\n\n\n<p>VeriFactu es un sistema de facturaci\u00f3n electr\u00f3nica desarrollado por la Agencia Tributaria. Su objetivo principal es garantizar la integridad, trazabilidad y transparencia de las facturas emitidas por empresas y profesionales. Lo m\u00e1s destacado es que, con VeriFactu, <strong>las facturas se enviar\u00e1n autom\u00e1ticamente a Hacienda en el momento de su emisi\u00f3n<\/strong>, lo que refuerza la lucha contra el fraude fiscal.<\/p>\n\n\n\n<p>Esta nueva medida forma parte de las reformas incluidas en la <strong>Ley Antifraude<\/strong> y se complementa con la conocida <strong>Ley Crea y Crece<\/strong>, que ya estableci\u00f3 la facturaci\u00f3n electr\u00f3nica obligatoria para empresas y aut\u00f3nomos.<\/p>\n\n\n\n<h2 class=\"wp-block-heading\">\u00bfQui\u00e9n est\u00e1 obligado a usar VeriFactu?<\/h2>\n\n\n\n<p>El uso de VeriFactu ser\u00e1 obligatorio para:<\/p>\n\n\n\n<ul class=\"wp-block-list\">\n<li>Empresas y profesionales que <strong>est\u00e9n obligados a emitir facturas<\/strong>.<\/li>\n\n\n\n<li>Todos aquellos que <strong>no est\u00e9n acogidos al SII<\/strong> (Suministro Inmediato de Informaci\u00f3n).<\/li>\n\n\n\n<li>Empresas y aut\u00f3nomos de todo el territorio nacional, salvo algunas excepciones como territorios forales o casos muy espec\u00edficos.<\/li>\n<\/ul>\n\n\n\n<p>Aunque algunos podr\u00e1n optar por sistemas de facturaci\u00f3n que no env\u00eden los datos directamente a Hacienda (conservaci\u00f3n interna), ser\u00e1 necesario seguir unas reglas muy estrictas de formato, conservaci\u00f3n y seguridad.<\/p>\n\n\n\n<h2 class=\"wp-block-heading\">\u00bfCu\u00e1ndo entra en vigor VeriFactu?<\/h2>\n\n\n\n<p>La pregunta clave es: <strong>\u00bfcu\u00e1ndo entra en vigor VeriFactu?<\/strong> Y la respuesta var\u00eda seg\u00fan el tipo de contribuyente:<\/p>\n\n\n\n<ul class=\"wp-block-list\">\n<li><strong>Empresas (sociedades):<\/strong> a partir del <strong>1 de enero de 2026<\/strong>.<\/li>\n\n\n\n<li><strong>Aut\u00f3nomos y profesionales individuales:<\/strong> a partir del <strong>1 de julio de 2026<\/strong>.<\/li>\n<\/ul>\n\n\n\n<p>No obstante, desde abril de 2025, Hacienda ya permite el uso voluntario del sistema a trav\u00e9s de su sede electr\u00f3nica. Por eso, muchas empresas ya est\u00e1n probando o implementando sus sistemas de facturaci\u00f3n compatibles, adelant\u00e1ndose a la obligatoriedad.<\/p>\n\n\n\n<p>Entender <strong>cu\u00e1ndo entra en vigor VeriFactu<\/strong> no solo es relevante desde el punto de vista legal, sino estrat\u00e9gico: cuanto antes lo integres en tu operativa, menos impacto tendr\u00e1 en tu d\u00eda a d\u00eda cuando llegue el momento.<\/p>\n\n\n\n<h2 class=\"wp-block-heading\">\u00bfQu\u00e9 pasa si no me adapto?<\/h2>\n\n\n\n<p>La Agencia Tributaria ha establecido un r\u00e9gimen sancionador para quienes no cumplan con los requisitos de la nueva normativa. Las sanciones pueden ascender hasta los <strong>50.000 euros<\/strong>, dependiendo de la gravedad de la infracci\u00f3n.<\/p>\n\n\n\n<p>Pero m\u00e1s all\u00e1 de las sanciones, no estar preparado puede significar interrupciones en la facturaci\u00f3n, errores en los datos enviados o dificultades con los clientes. Por eso, se recomienda comenzar a trabajar cuanto antes con asesores fiscales y proveedores tecnol\u00f3gicos.<\/p>\n\n\n\n<h2 class=\"wp-block-heading\">\u00bfC\u00f3mo prepararse para la entrada en vigor?<\/h2>\n\n\n\n<p>Aqu\u00ed van algunas recomendaciones pr\u00e1cticas:<\/p>\n\n\n\n<ol class=\"wp-block-list\">\n<li><strong>Eval\u00faa tu sistema actual de facturaci\u00f3n.<\/strong> \u00bfEs compatible con el nuevo reglamento?<\/li>\n\n\n\n<li><strong>Consulta con tu asesor fiscal o laboral<\/strong> para conocer c\u00f3mo afecta espec\u00edficamente a tu empresa o actividad.<\/li>\n\n\n\n<li><strong>Solicita a tu proveedor de software<\/strong> que te informe sobre actualizaciones necesarias o soluciones ya adaptadas a VeriFactu.<\/li>\n\n\n\n<li>Si eres aut\u00f3nomo, <strong>no lo dejes para el \u00faltimo momento<\/strong>: las herramientas de facturaci\u00f3n en la nube pueden ser una soluci\u00f3n sencilla y econ\u00f3mica.<\/li>\n\n\n\n<li><strong>Inf\u00f3rmate desde ya<\/strong> sobre los formatos XML-FAE que exige la norma.<\/li>\n<\/ol>\n\n\n\n<h2 class=\"wp-block-heading\">\u00bfEs obligatorio usar VeriFactu?<\/h2>\n\n\n\n<p><strong>No en todos los casos.<\/strong> El uso de VeriFactu ser\u00e1 obligatorio <strong>solo si decides enviar las facturas directamente a Hacienda en tiempo real<\/strong>. Tambi\u00e9n puedes elegir no hacerlo, pero entonces deber\u00e1s guardar las facturas internamente y cumplir con estrictos requisitos de integridad, trazabilidad y conservaci\u00f3n, lo cual puede ser m\u00e1s complejo y costoso a largo plazo.<\/p>\n\n\n\n<p>En cualquier caso, todos deben cumplir con la norma de facturaci\u00f3n electr\u00f3nica, por lo que <strong>la decisi\u00f3n no es si te adaptas, sino c\u00f3mo<\/strong>.<\/p>\n\n\n\n<h2 class=\"wp-block-heading\">\u00bfC\u00f3mo puede ayudarte un espacio profesional?<\/h2>\n\n\n\n<p>Tener el soporte adecuado es fundamental para no sentirte solo en este proceso de cambio. En Office Madrid trabajamos d\u00eda a d\u00eda con profesionales, emprendedores y empresas que buscan soluciones eficaces en un entorno flexible y profesional. Desde nuestros servicios de asesor\u00eda externa hasta la posibilidad de contar con espacios que se adaptan a tus necesidades, te ayudamos a enfocarte en tu negocio mientras cumples con todas las normativas.<\/p>\n\n\n\n<p>Si est\u00e1s buscando un lugar de trabajo donde puedas crecer, mantenerte al d\u00eda con los cambios legales y rodearte de otros profesionales como t\u00fa, nuestro <a href=\"https:\/\/www.officemadrid.es\/\" target=\"_blank\" rel=\"noreferrer noopener\">business center en Madrid<\/a> es el lugar ideal para hacerlo. Contacta con nosotros y descubre todo lo que podemos ofrecerte.<\/p>\n","protected":false},"excerpt":{"rendered":"<p>La digitalizaci\u00f3n fiscal sigue avanzando y trae consigo nuevas obligaciones para empresas y aut\u00f3nomos. Una de las m\u00e1s importantes es el nuevo sistema VeriFactu, que transformar\u00e1 por completo la forma en la que se generan, almacenan y env\u00edan las facturas a Hacienda. Aunque todav\u00eda falta algo de tiempo para su entrada en vigor, muchas empresas &#8230; <a title=\"\u00bfCu\u00e1ndo entra en vigor VeriFactu? Ad\u00e1ptate al cambio\" class=\"read-more\" href=\"https:\/\/www.officemadrid.es\/en\/cuando-entra-en-vigor-verifactu-adaptate-al-cambio\/\" aria-label=\"Read more about \u00bfCu\u00e1ndo entra en vigor VeriFactu? Ad\u00e1ptate al cambio\">Read more<\/a><\/p>\n","protected":false},"author":7,"featured_media":27527,"comment_status":"open","ping_status":"closed","sticky":false,"template":"","format":"standard","meta":{"_acf_changed":false,"footnotes":""},"categories":[19],"tags":[35,104,26],"class_list":["post-27526","post","type-post","status-publish","format-standard","has-post-thumbnail","hentry","category-consultoria","tag-centro-de-negocios-es","tag-emprendedores","tag-office-madrid"],"acf":[],"yoast_head":"<!-- This site is optimized with the Yoast SEO plugin v27.4 - https:\/\/yoast.com\/product\/yoast-seo-wordpress\/ -->\n<title>\u00bfCu\u00e1ndo entra en vigor VeriFactu? Ad\u00e1ptate al cambio - Office Madrid<\/title>\n<meta name=\"description\" content=\"Descubre cu\u00e1ndo entra en vigor VeriFactu y c\u00f3mo adaptarte a tiempo para cumplir con la nueva normativa fiscal.\" \/>\n<meta name=\"robots\" content=\"index, follow, max-snippet:-1, max-image-preview:large, max-video-preview:-1\" \/>\n<link rel=\"canonical\" href=\"https:\/\/www.officemadrid.es\/en\/cuando-entra-en-vigor-verifactu-adaptate-al-cambio\/\" \/>\n<meta property=\"og:locale\" content=\"en_US\" \/>\n<meta property=\"og:type\" content=\"article\" \/>\n<meta property=\"og:title\" content=\"\u00bfCu\u00e1ndo entra en vigor VeriFactu? Ad\u00e1ptate al cambio - Office Madrid\" \/>\n<meta property=\"og:description\" content=\"Descubre cu\u00e1ndo entra en vigor VeriFactu y c\u00f3mo adaptarte a tiempo para cumplir con la nueva normativa fiscal.\" \/>\n<meta property=\"og:url\" content=\"https:\/\/www.officemadrid.es\/en\/cuando-entra-en-vigor-verifactu-adaptate-al-cambio\/\" \/>\n<meta property=\"og:site_name\" content=\"Office Madrid\" \/>\n<meta property=\"article:published_time\" content=\"2025-08-01T11:33:57+00:00\" \/>\n<meta property=\"article:modified_time\" content=\"2025-08-01T11:33:59+00:00\" \/>\n<meta property=\"og:image\" content=\"https:\/\/www.officemadrid.es\/\/wp-content\/uploads\/cuando-entra-en-vigor-verifactu-scaled.jpg\" \/>\n\t<meta property=\"og:image:width\" content=\"2560\" \/>\n\t<meta property=\"og:image:height\" content=\"1709\" \/>\n\t<meta property=\"og:image:type\" content=\"image\/jpeg\" \/>\n<meta name=\"author\" content=\"Comunicaci\u00f3n\" \/>\n<meta name=\"twitter:card\" content=\"summary_large_image\" \/>\n<meta name=\"twitter:label1\" content=\"Written by\" \/>\n\t<meta name=\"twitter:data1\" content=\"Comunicaci\u00f3n\" \/>\n\t<meta name=\"twitter:label2\" content=\"Est. reading time\" \/>\n\t<meta name=\"twitter:data2\" content=\"4 minutes\" \/>\n<script type=\"application\/ld+json\" class=\"yoast-schema-graph\">{\"@context\":\"https:\\\/\\\/schema.org\",\"@graph\":[{\"@type\":\"Article\",\"@id\":\"https:\\\/\\\/www.officemadrid.es\\\/en\\\/cuando-entra-en-vigor-verifactu-adaptate-al-cambio\\\/#article\",\"isPartOf\":{\"@id\":\"https:\\\/\\\/www.officemadrid.es\\\/en\\\/cuando-entra-en-vigor-verifactu-adaptate-al-cambio\\\/\"},\"author\":{\"name\":\"Comunicaci\u00f3n\",\"@id\":\"https:\\\/\\\/www.officemadrid.es\\\/en\\\/#\\\/schema\\\/person\\\/d59d0464f4a85622a56a3312d1ef4c60\"},\"headline\":\"\u00bfCu\u00e1ndo entra en vigor VeriFactu? Ad\u00e1ptate al cambio\",\"datePublished\":\"2025-08-01T11:33:57+00:00\",\"dateModified\":\"2025-08-01T11:33:59+00:00\",\"mainEntityOfPage\":{\"@id\":\"https:\\\/\\\/www.officemadrid.es\\\/en\\\/cuando-entra-en-vigor-verifactu-adaptate-al-cambio\\\/\"},\"wordCount\":848,\"commentCount\":0,\"publisher\":{\"@id\":\"https:\\\/\\\/www.officemadrid.es\\\/en\\\/#organization\"},\"image\":{\"@id\":\"https:\\\/\\\/www.officemadrid.es\\\/en\\\/cuando-entra-en-vigor-verifactu-adaptate-al-cambio\\\/#primaryimage\"},\"thumbnailUrl\":\"https:\\\/\\\/www.officemadrid.es\\\/\\\/wp-content\\\/uploads\\\/cuando-entra-en-vigor-verifactu-scaled.jpg\",\"keywords\":[\"Centro de negocios\",\"emprendedores\",\"Office Madrid\"],\"articleSection\":[\"Consultor\u00eda\"],\"inLanguage\":\"en-US\",\"potentialAction\":[{\"@type\":\"CommentAction\",\"name\":\"Comment\",\"target\":[\"https:\\\/\\\/www.officemadrid.es\\\/en\\\/cuando-entra-en-vigor-verifactu-adaptate-al-cambio\\\/#respond\"]}]},{\"@type\":\"WebPage\",\"@id\":\"https:\\\/\\\/www.officemadrid.es\\\/en\\\/cuando-entra-en-vigor-verifactu-adaptate-al-cambio\\\/\",\"url\":\"https:\\\/\\\/www.officemadrid.es\\\/en\\\/cuando-entra-en-vigor-verifactu-adaptate-al-cambio\\\/\",\"name\":\"\u00bfCu\u00e1ndo entra en vigor VeriFactu? Ad\u00e1ptate al cambio - Office Madrid\",\"isPartOf\":{\"@id\":\"https:\\\/\\\/www.officemadrid.es\\\/en\\\/#website\"},\"primaryImageOfPage\":{\"@id\":\"https:\\\/\\\/www.officemadrid.es\\\/en\\\/cuando-entra-en-vigor-verifactu-adaptate-al-cambio\\\/#primaryimage\"},\"image\":{\"@id\":\"https:\\\/\\\/www.officemadrid.es\\\/en\\\/cuando-entra-en-vigor-verifactu-adaptate-al-cambio\\\/#primaryimage\"},\"thumbnailUrl\":\"https:\\\/\\\/www.officemadrid.es\\\/\\\/wp-content\\\/uploads\\\/cuando-entra-en-vigor-verifactu-scaled.jpg\",\"datePublished\":\"2025-08-01T11:33:57+00:00\",\"dateModified\":\"2025-08-01T11:33:59+00:00\",\"description\":\"Descubre cu\u00e1ndo entra en vigor VeriFactu y c\u00f3mo adaptarte a tiempo para cumplir con la nueva normativa fiscal.\",\"breadcrumb\":{\"@id\":\"https:\\\/\\\/www.officemadrid.es\\\/en\\\/cuando-entra-en-vigor-verifactu-adaptate-al-cambio\\\/#breadcrumb\"},\"inLanguage\":\"en-US\",\"potentialAction\":[{\"@type\":\"ReadAction\",\"target\":[\"https:\\\/\\\/www.officemadrid.es\\\/en\\\/cuando-entra-en-vigor-verifactu-adaptate-al-cambio\\\/\"]}]},{\"@type\":\"ImageObject\",\"inLanguage\":\"en-US\",\"@id\":\"https:\\\/\\\/www.officemadrid.es\\\/en\\\/cuando-entra-en-vigor-verifactu-adaptate-al-cambio\\\/#primaryimage\",\"url\":\"https:\\\/\\\/www.officemadrid.es\\\/\\\/wp-content\\\/uploads\\\/cuando-entra-en-vigor-verifactu-scaled.jpg\",\"contentUrl\":\"https:\\\/\\\/www.officemadrid.es\\\/\\\/wp-content\\\/uploads\\\/cuando-entra-en-vigor-verifactu-scaled.jpg\",\"width\":2560,\"height\":1709,\"caption\":\"Woman checking shipping letter\"},{\"@type\":\"BreadcrumbList\",\"@id\":\"https:\\\/\\\/www.officemadrid.es\\\/en\\\/cuando-entra-en-vigor-verifactu-adaptate-al-cambio\\\/#breadcrumb\",\"itemListElement\":[{\"@type\":\"ListItem\",\"position\":1,\"name\":\"Portada\",\"item\":\"https:\\\/\\\/www.officemadrid.es\\\/en\\\/\"},{\"@type\":\"ListItem\",\"position\":2,\"name\":\"\u00bfCu\u00e1ndo entra en vigor VeriFactu? Ad\u00e1ptate al cambio\"}]},{\"@type\":\"WebSite\",\"@id\":\"https:\\\/\\\/www.officemadrid.es\\\/en\\\/#website\",\"url\":\"https:\\\/\\\/www.officemadrid.es\\\/en\\\/\",\"name\":\"Office Madrid\",\"description\":\"Tu centro de negocios en Madrid\",\"publisher\":{\"@id\":\"https:\\\/\\\/www.officemadrid.es\\\/en\\\/#organization\"},\"potentialAction\":[{\"@type\":\"SearchAction\",\"target\":{\"@type\":\"EntryPoint\",\"urlTemplate\":\"https:\\\/\\\/www.officemadrid.es\\\/en\\\/?s={search_term_string}\"},\"query-input\":{\"@type\":\"PropertyValueSpecification\",\"valueRequired\":true,\"valueName\":\"search_term_string\"}}],\"inLanguage\":\"en-US\"},{\"@type\":\"Organization\",\"@id\":\"https:\\\/\\\/www.officemadrid.es\\\/en\\\/#organization\",\"name\":\"Office Madrid\",\"url\":\"https:\\\/\\\/www.officemadrid.es\\\/en\\\/\",\"logo\":{\"@type\":\"ImageObject\",\"inLanguage\":\"en-US\",\"@id\":\"https:\\\/\\\/www.officemadrid.es\\\/en\\\/#\\\/schema\\\/logo\\\/image\\\/\",\"url\":\"https:\\\/\\\/www.officemadrid.es\\\/wp-content\\\/uploads\\\/office-madrid.png\",\"contentUrl\":\"https:\\\/\\\/www.officemadrid.es\\\/wp-content\\\/uploads\\\/office-madrid.png\",\"width\":256,\"height\":70,\"caption\":\"Office Madrid\"},\"image\":{\"@id\":\"https:\\\/\\\/www.officemadrid.es\\\/en\\\/#\\\/schema\\\/logo\\\/image\\\/\"}},{\"@type\":\"Person\",\"@id\":\"https:\\\/\\\/www.officemadrid.es\\\/en\\\/#\\\/schema\\\/person\\\/d59d0464f4a85622a56a3312d1ef4c60\",\"name\":\"Comunicaci\u00f3n\",\"image\":{\"@type\":\"ImageObject\",\"inLanguage\":\"en-US\",\"@id\":\"https:\\\/\\\/secure.gravatar.com\\\/avatar\\\/dc186aed6ece3a6fff86ffab8f2348477232c5847d3acce03683a46d406bbc31?s=96&d=mm&r=g\",\"url\":\"https:\\\/\\\/secure.gravatar.com\\\/avatar\\\/dc186aed6ece3a6fff86ffab8f2348477232c5847d3acce03683a46d406bbc31?s=96&d=mm&r=g\",\"contentUrl\":\"https:\\\/\\\/secure.gravatar.com\\\/avatar\\\/dc186aed6ece3a6fff86ffab8f2348477232c5847d3acce03683a46d406bbc31?s=96&d=mm&r=g\",\"caption\":\"Comunicaci\u00f3n\"},\"url\":\"https:\\\/\\\/www.officemadrid.es\\\/en\\\/author\\\/cuentas-dz\\\/\"}]}<\/script>\n<!-- \/ Yoast SEO plugin. -->","yoast_head_json":{"title":"\u00bfCu\u00e1ndo entra en vigor VeriFactu? Ad\u00e1ptate al cambio - Office Madrid","description":"Descubre cu\u00e1ndo entra en vigor VeriFactu y c\u00f3mo adaptarte a tiempo para cumplir con la nueva normativa fiscal.","robots":{"index":"index","follow":"follow","max-snippet":"max-snippet:-1","max-image-preview":"max-image-preview:large","max-video-preview":"max-video-preview:-1"},"canonical":"https:\/\/www.officemadrid.es\/en\/cuando-entra-en-vigor-verifactu-adaptate-al-cambio\/","og_locale":"en_US","og_type":"article","og_title":"\u00bfCu\u00e1ndo entra en vigor VeriFactu? Ad\u00e1ptate al cambio - Office Madrid","og_description":"Descubre cu\u00e1ndo entra en vigor VeriFactu y c\u00f3mo adaptarte a tiempo para cumplir con la nueva normativa fiscal.","og_url":"https:\/\/www.officemadrid.es\/en\/cuando-entra-en-vigor-verifactu-adaptate-al-cambio\/","og_site_name":"Office Madrid","article_published_time":"2025-08-01T11:33:57+00:00","article_modified_time":"2025-08-01T11:33:59+00:00","og_image":[{"width":2560,"height":1709,"url":"https:\/\/www.officemadrid.es\/\/wp-content\/uploads\/cuando-entra-en-vigor-verifactu-scaled.jpg","type":"image\/jpeg"}],"author":"Comunicaci\u00f3n","twitter_card":"summary_large_image","twitter_misc":{"Written by":"Comunicaci\u00f3n","Est. reading time":"4 minutes"},"schema":{"@context":"https:\/\/schema.org","@graph":[{"@type":"Article","@id":"https:\/\/www.officemadrid.es\/en\/cuando-entra-en-vigor-verifactu-adaptate-al-cambio\/#article","isPartOf":{"@id":"https:\/\/www.officemadrid.es\/en\/cuando-entra-en-vigor-verifactu-adaptate-al-cambio\/"},"author":{"name":"Comunicaci\u00f3n","@id":"https:\/\/www.officemadrid.es\/en\/#\/schema\/person\/d59d0464f4a85622a56a3312d1ef4c60"},"headline":"\u00bfCu\u00e1ndo entra en vigor VeriFactu? Ad\u00e1ptate al cambio","datePublished":"2025-08-01T11:33:57+00:00","dateModified":"2025-08-01T11:33:59+00:00","mainEntityOfPage":{"@id":"https:\/\/www.officemadrid.es\/en\/cuando-entra-en-vigor-verifactu-adaptate-al-cambio\/"},"wordCount":848,"commentCount":0,"publisher":{"@id":"https:\/\/www.officemadrid.es\/en\/#organization"},"image":{"@id":"https:\/\/www.officemadrid.es\/en\/cuando-entra-en-vigor-verifactu-adaptate-al-cambio\/#primaryimage"},"thumbnailUrl":"https:\/\/www.officemadrid.es\/\/wp-content\/uploads\/cuando-entra-en-vigor-verifactu-scaled.jpg","keywords":["Centro de negocios","emprendedores","Office Madrid"],"articleSection":["Consultor\u00eda"],"inLanguage":"en-US","potentialAction":[{"@type":"CommentAction","name":"Comment","target":["https:\/\/www.officemadrid.es\/en\/cuando-entra-en-vigor-verifactu-adaptate-al-cambio\/#respond"]}]},{"@type":"WebPage","@id":"https:\/\/www.officemadrid.es\/en\/cuando-entra-en-vigor-verifactu-adaptate-al-cambio\/","url":"https:\/\/www.officemadrid.es\/en\/cuando-entra-en-vigor-verifactu-adaptate-al-cambio\/","name":"\u00bfCu\u00e1ndo entra en vigor VeriFactu? Ad\u00e1ptate al cambio - Office Madrid","isPartOf":{"@id":"https:\/\/www.officemadrid.es\/en\/#website"},"primaryImageOfPage":{"@id":"https:\/\/www.officemadrid.es\/en\/cuando-entra-en-vigor-verifactu-adaptate-al-cambio\/#primaryimage"},"image":{"@id":"https:\/\/www.officemadrid.es\/en\/cuando-entra-en-vigor-verifactu-adaptate-al-cambio\/#primaryimage"},"thumbnailUrl":"https:\/\/www.officemadrid.es\/\/wp-content\/uploads\/cuando-entra-en-vigor-verifactu-scaled.jpg","datePublished":"2025-08-01T11:33:57+00:00","dateModified":"2025-08-01T11:33:59+00:00","description":"Descubre cu\u00e1ndo entra en vigor VeriFactu y c\u00f3mo adaptarte a tiempo para cumplir con la nueva normativa fiscal.","breadcrumb":{"@id":"https:\/\/www.officemadrid.es\/en\/cuando-entra-en-vigor-verifactu-adaptate-al-cambio\/#breadcrumb"},"inLanguage":"en-US","potentialAction":[{"@type":"ReadAction","target":["https:\/\/www.officemadrid.es\/en\/cuando-entra-en-vigor-verifactu-adaptate-al-cambio\/"]}]},{"@type":"ImageObject","inLanguage":"en-US","@id":"https:\/\/www.officemadrid.es\/en\/cuando-entra-en-vigor-verifactu-adaptate-al-cambio\/#primaryimage","url":"https:\/\/www.officemadrid.es\/\/wp-content\/uploads\/cuando-entra-en-vigor-verifactu-scaled.jpg","contentUrl":"https:\/\/www.officemadrid.es\/\/wp-content\/uploads\/cuando-entra-en-vigor-verifactu-scaled.jpg","width":2560,"height":1709,"caption":"Woman checking shipping letter"},{"@type":"BreadcrumbList","@id":"https:\/\/www.officemadrid.es\/en\/cuando-entra-en-vigor-verifactu-adaptate-al-cambio\/#breadcrumb","itemListElement":[{"@type":"ListItem","position":1,"name":"Portada","item":"https:\/\/www.officemadrid.es\/en\/"},{"@type":"ListItem","position":2,"name":"\u00bfCu\u00e1ndo entra en vigor VeriFactu? Ad\u00e1ptate al cambio"}]},{"@type":"WebSite","@id":"https:\/\/www.officemadrid.es\/en\/#website","url":"https:\/\/www.officemadrid.es\/en\/","name":"Office Madrid","description":"Tu centro de negocios en Madrid","publisher":{"@id":"https:\/\/www.officemadrid.es\/en\/#organization"},"potentialAction":[{"@type":"SearchAction","target":{"@type":"EntryPoint","urlTemplate":"https:\/\/www.officemadrid.es\/en\/?s={search_term_string}"},"query-input":{"@type":"PropertyValueSpecification","valueRequired":true,"valueName":"search_term_string"}}],"inLanguage":"en-US"},{"@type":"Organization","@id":"https:\/\/www.officemadrid.es\/en\/#organization","name":"Office Madrid","url":"https:\/\/www.officemadrid.es\/en\/","logo":{"@type":"ImageObject","inLanguage":"en-US","@id":"https:\/\/www.officemadrid.es\/en\/#\/schema\/logo\/image\/","url":"https:\/\/www.officemadrid.es\/wp-content\/uploads\/office-madrid.png","contentUrl":"https:\/\/www.officemadrid.es\/wp-content\/uploads\/office-madrid.png","width":256,"height":70,"caption":"Office Madrid"},"image":{"@id":"https:\/\/www.officemadrid.es\/en\/#\/schema\/logo\/image\/"}},{"@type":"Person","@id":"https:\/\/www.officemadrid.es\/en\/#\/schema\/person\/d59d0464f4a85622a56a3312d1ef4c60","name":"Comunicaci\u00f3n","image":{"@type":"ImageObject","inLanguage":"en-US","@id":"https:\/\/secure.gravatar.com\/avatar\/dc186aed6ece3a6fff86ffab8f2348477232c5847d3acce03683a46d406bbc31?s=96&d=mm&r=g","url":"https:\/\/secure.gravatar.com\/avatar\/dc186aed6ece3a6fff86ffab8f2348477232c5847d3acce03683a46d406bbc31?s=96&d=mm&r=g","contentUrl":"https:\/\/secure.gravatar.com\/avatar\/dc186aed6ece3a6fff86ffab8f2348477232c5847d3acce03683a46d406bbc31?s=96&d=mm&r=g","caption":"Comunicaci\u00f3n"},"url":"https:\/\/www.officemadrid.es\/en\/author\/cuentas-dz\/"}]}},"_links":{"self":[{"href":"https:\/\/www.officemadrid.es\/en\/wp-json\/wp\/v2\/posts\/27526","targetHints":{"allow":["GET"]}}],"collection":[{"href":"https:\/\/www.officemadrid.es\/en\/wp-json\/wp\/v2\/posts"}],"about":[{"href":"https:\/\/www.officemadrid.es\/en\/wp-json\/wp\/v2\/types\/post"}],"author":[{"embeddable":true,"href":"https:\/\/www.officemadrid.es\/en\/wp-json\/wp\/v2\/users\/7"}],"replies":[{"embeddable":true,"href":"https:\/\/www.officemadrid.es\/en\/wp-json\/wp\/v2\/comments?post=27526"}],"version-history":[{"count":1,"href":"https:\/\/www.officemadrid.es\/en\/wp-json\/wp\/v2\/posts\/27526\/revisions"}],"predecessor-version":[{"id":27529,"href":"https:\/\/www.officemadrid.es\/en\/wp-json\/wp\/v2\/posts\/27526\/revisions\/27529"}],"wp:featuredmedia":[{"embeddable":true,"href":"https:\/\/www.officemadrid.es\/en\/wp-json\/wp\/v2\/media\/27527"}],"wp:attachment":[{"href":"https:\/\/www.officemadrid.es\/en\/wp-json\/wp\/v2\/media?parent=27526"}],"wp:term":[{"taxonomy":"category","embeddable":true,"href":"https:\/\/www.officemadrid.es\/en\/wp-json\/wp\/v2\/categories?post=27526"},{"taxonomy":"post_tag","embeddable":true,"href":"https:\/\/www.officemadrid.es\/en\/wp-json\/wp\/v2\/tags?post=27526"}],"curies":[{"name":"wp","href":"https:\/\/api.w.org\/{rel}","templated":true}]}}