{"id":28115,"date":"2026-02-26T08:00:00","date_gmt":"2026-02-26T07:00:00","guid":{"rendered":"https:\/\/www.officemadrid.es\/?p=28115"},"modified":"2026-01-22T11:26:48","modified_gmt":"2026-01-22T10:26:48","slug":"salas-formacion-grupos-pequenos-madrid","status":"publish","type":"post","link":"https:\/\/www.officemadrid.es\/en\/salas-formacion-grupos-pequenos-madrid\/","title":{"rendered":"Empresas con salas de formaci\u00f3n para grupos peque\u00f1os en Madrid"},"content":{"rendered":"\n<p>\u00bfEst\u00e1s buscando <strong>empresas que ofrecen salas de formaci\u00f3n para grupos peque\u00f1os en Madrid<\/strong>? Ya sea que organices cursos, talleres, sesiones de coaching o presentaciones, contar con un espacio adecuado puede marcar la diferencia entre un evento exitoso y uno que no lo es. En esta gu\u00eda te mostramos opciones profesionales, qu\u00e9 caracter\u00edsticas valorar y c\u00f3mo elegir la sala adecuada para tus necesidades formativas.<\/p>\n\n\n\n<p>Organizar una formaci\u00f3n en un espacio profesional bien equipado no solo mejora la experiencia de los asistentes, sino que tambi\u00e9n proyecta una imagen m\u00e1s s\u00f3lida de tu organizaci\u00f3n. Aqu\u00ed tienes la gu\u00eda definitiva para elegir con criterio y sin perder tiempo ni dinero.<\/p>\n\n\n\n<h2 class=\"wp-block-heading\">Por qu\u00e9 elegir salas de formaci\u00f3n para grupos peque\u00f1os en Madrid<\/h2>\n\n\n\n<p>Los grupos peque\u00f1os no son una moda. Son eficiencia. Permiten interacci\u00f3n real, seguimiento individual y adaptaci\u00f3n del contenido. En un entorno como Madrid, donde el tiempo es caro y la atenci\u00f3n escasa, esto marca la diferencia.<\/p>\n\n\n\n<p>Adem\u00e1s, las empresas que apuestan por este formato suelen buscar resultados concretos: capacitaci\u00f3n t\u00e9cnica, workshops estrat\u00e9gicos, sesiones de innovaci\u00f3n o formaci\u00f3n interna de alto nivel.<\/p>\n\n\n\n<p>Un espacio adecuado facilita:<\/p>\n\n\n\n<ul class=\"wp-block-list\">\n<li>Concentraci\u00f3n sin distracciones.<\/li>\n\n\n\n<li>Comunicaci\u00f3n directa entre formador y asistentes.<\/li>\n\n\n\n<li>Flexibilidad para din\u00e1micas pr\u00e1cticas.<\/li>\n\n\n\n<li>Mejor experiencia global del participante.<\/li>\n<\/ul>\n\n\n\n<h2 class=\"wp-block-heading\">\u00bfPor qu\u00e9 alquilar salas de formaci\u00f3n en Madrid?<\/h2>\n\n\n\n<p>Madrid es un centro neur\u00e1lgico de negocios, aprendizaje y networking, por lo que cada vez m\u00e1s profesionales y empresas optan por alquilar espacios preparados para formaci\u00f3n. Estos espacios ofrecen:<\/p>\n\n\n\n<ul class=\"wp-block-list\">\n<li><strong>Flexibilidad de uso<\/strong> (por horas, media jornada o jornada completa)<\/li>\n\n\n\n<li><strong>Tecnolog\u00eda avanzada<\/strong>: pantallas interactivas, proyectores, Wi-Fi, pizarras y m\u00e1s<\/li>\n\n\n\n<li><strong>Ubicaciones estrat\u00e9gicas<\/strong> cerca de transporte y servicios<\/li>\n\n\n\n<li><strong>Opciones de catering y recepci\u00f3n personalizada<\/strong>, lo que facilita la log\u00edstica del evento.<\/li>\n<\/ul>\n\n\n\n<p>Tanto si organizas sesiones peri\u00f3dicas como formaciones puntuales, estos espacios pueden adaptarse a tus necesidades sin invertir en infraestructura propia.<\/p>\n\n\n\n<h2 class=\"wp-block-heading\">Qu\u00e9 caracter\u00edsticas debe tener una buena sala de formaci\u00f3n para grupos reducidos<\/h2>\n\n\n\n<p>Aqu\u00ed es donde muchas empresas fallan al elegir. No es negociable.<\/p>\n\n\n\n<h3 class=\"wp-block-heading\">Tama\u00f1o y distribuci\u00f3n optimizados<\/h3>\n\n\n\n<p>Una sala para 6, 8 o 12 personas debe sentirse c\u00f3moda, no vac\u00eda ni saturada. La distribuci\u00f3n importa m\u00e1s que los metros cuadrados.<\/p>\n\n\n\n<p>Mesas modulares, sillas ergon\u00f3micas y posibilidad de reorganizar el espacio seg\u00fan la din\u00e1mica son claves.<\/p>\n\n\n\n<h3 class=\"wp-block-heading\">Equipamiento tecnol\u00f3gico profesional<\/h3>\n\n\n\n<p>Pantalla, proyector, conexi\u00f3n HDMI\/USB, WiFi estable y pizarra. Sin excusas.<\/p>\n\n\n\n<p>Si el espacio obliga a improvisar, la formaci\u00f3n pierde credibilidad. Las empresas que cuidan esto suelen ofrecer soluciones listas para usar.<\/p>\n\n\n\n<h3 class=\"wp-block-heading\">Ubicaci\u00f3n estrat\u00e9gica en Madrid<\/h3>\n\n\n\n<p>Accesibilidad manda. Cercan\u00eda a transporte p\u00fablico, zonas c\u00e9ntricas o \u00e1reas empresariales.<\/p>\n\n\n\n<p>Esto reduce ausencias, retrasos y fricci\u00f3n log\u00edstica. En Madrid, no es un detalle menor.<\/p>\n\n\n\n<h3 class=\"wp-block-heading\">Servicios adicionales que suman valor<\/h3>\n\n\n\n<p>Recepci\u00f3n de asistentes, coffee break, climatizaci\u00f3n adecuada y soporte t\u00e9cnico.<\/p>\n\n\n\n<p>No son \u201cextras\u201d. Son parte de la experiencia formativa.<\/p>\n\n\n\n<h2 class=\"wp-block-heading\">Opciones de salas de formaci\u00f3n disponibles en Office Madrid<\/h2>\n\n\n\n<p>Ofrecemos una variedad de espacios para formaci\u00f3n con distintas capacidades y caracter\u00edsticas adaptadas al tama\u00f1o de grupos, desde peque\u00f1os hasta medianos.<\/p>\n\n\n\n<h3 class=\"wp-block-heading\">Salas de formaci\u00f3n de Office Madrid<\/h3>\n\n\n\n<p>Office Madrid ponemos a disposici\u00f3n <strong>salas totalmente equipadas<\/strong> para impartir cursos, ponencias, conferencias o presentaciones. Cada sala se adapta en tama\u00f1o y tecnolog\u00eda a tus requerimientos.<\/p>\n\n\n\n<h4 class=\"wp-block-heading\">Sala Business<\/h4>\n\n\n\n<ul class=\"wp-block-list\">\n<li>Ideal para grupos peque\u00f1os de hasta <strong>16 personas<\/strong>.<\/li>\n\n\n\n<li>Perfecta para formaciones exclusivas, talleres y sesiones interactivas.<\/li>\n\n\n\n<li>Disponible por horas, media jornada o jornada completa.<\/li>\n\n\n\n<li>Opciones de catering disponibles.<\/li>\n<\/ul>\n\n\n\n<h4 class=\"wp-block-heading\">Sala Business Plus<\/h4>\n\n\n\n<ul class=\"wp-block-list\">\n<li>Espacio vers\u00e1til para hasta <strong>32 personas<\/strong>.<\/li>\n\n\n\n<li>Apta para formaciones con algo m\u00e1s de asistentes o ponencias breves.<\/li>\n\n\n\n<li>Incluye tecnolog\u00eda avanzada para presentaciones.<\/li>\n\n\n\n<li>Contratable por horas o d\u00edas completos.<\/li>\n<\/ul>\n\n\n\n<h4 class=\"wp-block-heading\">Sala Master<\/h4>\n\n\n\n<ul class=\"wp-block-list\">\n<li>Para formaciones m\u00e1s amplias o seminarios con hasta <strong>36 participantes<\/strong>.<\/li>\n\n\n\n<li>Sala adaptable a diferentes formatos de evento.<\/li>\n\n\n\n<li>Excelente opci\u00f3n si esperas grupos medianos.<\/li>\n\n\n\n<li>Flexible en horarios de alquiler.<\/li>\n<\/ul>\n\n\n\n<h4 class=\"wp-block-heading\">Sala Executive<\/h4>\n\n\n\n<ul class=\"wp-block-list\">\n<li>Espacio amplio que puede albergar hasta <strong>80 personas<\/strong>.<\/li>\n\n\n\n<li>Ideal para formaciones grandes, conferencias o eventos combinados.<\/li>\n\n\n\n<li>Totalmente equipada con tecnolog\u00eda y servicios complementarios.<\/li>\n<\/ul>\n\n\n\n<h3 class=\"wp-block-heading\">Beneficios de elegir una sala profesional<\/h3>\n\n\n\n<p>Adem\u00e1s del espacio f\u00edsico, las <a href=\"https:\/\/www.officemadrid.es\/salas-de-formacion\/\">salas de formaci\u00f3n<\/a> profesionales como las de OfficeMadrid incluyen ventajas que simplifican la organizaci\u00f3n del evento:<\/p>\n\n\n\n<ul class=\"wp-block-list\">\n<li><strong>Tecnolog\u00eda avanzada<\/strong> \u2014 proyector, pantalla t\u00e1ctil, Wi-Fi de alta velocidad, c\u00e1mara de grabaci\u00f3n y flipcharts.<\/li>\n\n\n\n<li><strong>Servicios adicionales<\/strong> \u2014 catering disponible, acceso a zonas comunes, recepci\u00f3n personalizada y posibilidades de reprograf\u00eda.<\/li>\n\n\n\n<li><strong>Flexibilidad<\/strong> \u2014 alquila por horas, media jornada, jornada completa o incluso mediante bonos de horas.<\/li>\n<\/ul>\n\n\n\n<h2 class=\"wp-block-heading\">Otras alternativas complementarias<\/h2>\n\n\n\n<p>Aunque en Office Madrid somos referentes por nuestra variedad de salas y ubicaciones c\u00e9ntricas, existen otras alternativas en Madrid que ofrecen espacios similares para formaciones de grupos peque\u00f1os. Cuando busques salas, ten en cuenta:<\/p>\n\n\n\n<ul class=\"wp-block-list\">\n<li><strong>Hoteles con salas modulares<\/strong> que se puedan adaptar a formaciones y talleres.<\/li>\n\n\n\n<li><strong>Espacios culturales o centros de eventos<\/strong> con salas vers\u00e1tiles para educaci\u00f3n o networking.<\/li>\n<\/ul>\n\n\n\n<p>Comparar diferentes opciones te ayudar\u00e1 a encontrar la combinaci\u00f3n ideal entre presupuesto, ubicaci\u00f3n y servicios disponibles.<\/p>\n\n\n\n<h2 class=\"wp-block-heading\">C\u00f3mo evitar errores comunes al alquilar una sala de formaci\u00f3n<\/h2>\n\n\n\n<p>Aqu\u00ed se pierde dinero. Literalmente.<\/p>\n\n\n\n<h3 class=\"wp-block-heading\">Elegir solo por precio<\/h3>\n\n\n\n<p>Barato sale caro. Una sala inc\u00f3moda, mal equipada o mal ubicada penaliza la formaci\u00f3n.<\/p>\n\n\n\n<p>El coste real es el tiempo y la atenci\u00f3n perdidos.<\/p>\n\n\n\n<h3 class=\"wp-block-heading\">No visitar el espacio antes<\/h3>\n\n\n\n<p>Fotos bonitas no garantizan funcionalidad.<\/p>\n\n\n\n<p>Visitar la sala permite evaluar ac\u00fastica, iluminaci\u00f3n y distribuci\u00f3n real.<\/p>\n\n\n\n<h3 class=\"wp-block-heading\">Ignorar el perfil de los asistentes<\/h3>\n\n\n\n<p>No es lo mismo formar a directivos que a equipos t\u00e9cnicos.<\/p>\n\n\n\n<p>El espacio debe alinearse con el tipo de p\u00fablico y el objetivo formativo.<\/p>\n\n\n\n<h2 class=\"wp-block-heading\">Ventajas competitivas de alquilar salas de formaci\u00f3n en Madrid frente a oficinas propias<\/h2>\n\n\n\n<p>Muchas empresas ya no tienen sentido montar salas internas.<\/p>\n\n\n\n<p>Alquilar espacios externos permite:<\/p>\n\n\n\n<ul class=\"wp-block-list\">\n<li>Flexibilidad total seg\u00fan necesidad.<\/li>\n\n\n\n<li>Imagen profesional sin inversi\u00f3n fija.<\/li>\n\n\n\n<li>Acceso a ubicaciones premium.<\/li>\n\n\n\n<li>Infraestructura siempre actualizada.<\/li>\n<\/ul>\n\n\n\n<p>Por eso cada vez m\u00e1s empresas optan por soluciones como las que se pueden encontrar en Office Madrid<\/p>\n\n\n\n<h2 class=\"wp-block-heading\">Qu\u00e9 tener en cuenta seg\u00fan el tipo de formaci\u00f3n<\/h2>\n\n\n\n<p>No todas las formaciones exigen lo mismo.<\/p>\n\n\n\n<h3 class=\"wp-block-heading\">Formaci\u00f3n t\u00e9cnica o digital<\/h3>\n\n\n\n<p>Necesita conectividad impecable, pantallas grandes y comodidad para largas sesiones.<\/p>\n\n\n\n<h3 class=\"wp-block-heading\">Workshops estrat\u00e9gicos o de innovaci\u00f3n<\/h3>\n\n\n\n<p>Requieren salas modulables, pizarras y ambiente inspirador.<\/p>\n\n\n\n<h3 class=\"wp-block-heading\">Formaci\u00f3n interna de equipos<\/h3>\n\n\n\n<p>Aqu\u00ed importa la privacidad y el aislamiento ac\u00fastico.<\/p>\n\n\n\n<p>Elegir empresas que entienden estas diferencias es clave para el \u00e9xito.<\/p>\n\n\n\n<h2 class=\"wp-block-heading\">Comparativa r\u00e1pida de salas de formaci\u00f3n en Madrid<\/h2>\n\n\n\n<figure class=\"wp-block-table\"><table class=\"has-fixed-layout\"><thead><tr><th>Sala<\/th><th>Capacidad<\/th><th>Ideal para<\/th><th>Contrataci\u00f3n<\/th><\/tr><\/thead><tbody><tr><td>Business<\/td><td>1\u201316<\/td><td>Grupos peque\u00f1os, talleres<\/td><td>Por horas \/ d\u00edas<\/td><\/tr><tr><td>Business Plus<\/td><td>1\u201332<\/td><td>Sesiones con interacci\u00f3n<\/td><td>Por horas \/ d\u00edas<\/td><\/tr><tr><td>Master<\/td><td>1\u201336<\/td><td>Formaciones medianas<\/td><td>Por horas \/ d\u00edas<\/td><\/tr><tr><td>Executive<\/td><td>1\u201380<\/td><td>Grandes eventos<\/td><td>Por horas \/ d\u00edas<\/td><\/tr><\/tbody><\/table><\/figure>\n\n\n\n<h2 class=\"wp-block-heading\">Preguntas frecuentes<\/h2>\n\n\n\n<p><strong>\u00bfQu\u00e9 servicios incluye el alquiler de salas de formaci\u00f3n?<\/strong><br>Incluye el uso del espacio, tecnolog\u00eda b\u00e1sica (pantallas, Wi-Fi), y en muchos casos la posibilidad de contratar catering o servicios adicionales.<\/p>\n\n\n\n<p><strong>\u00bfEs posible alquilar salas por horas en Madrid?<\/strong><br>S\u00ed, muchas empresas ofrecen alquiler flexible por horas, media jornada o jornada completa.<\/p>\n\n\n\n<p><strong>\u00bfD\u00f3nde se encuentran estas salas de formaci\u00f3n?<\/strong><br>Lugares estrat\u00e9gicos como Cuzco, Nuevos Ministerios o Retiro, con f\u00e1cil acceso en transporte p\u00fablico.<\/p>\n\n\n\n<p><strong>\u00bfPuedo reservar una sala para una formaci\u00f3n recurrente?<\/strong><br>S\u00ed, la mayor\u00eda de proveedores permiten reservas peri\u00f3dicas seg\u00fan disponibilidad.<\/p>\n\n\n\n<p><strong>\u00bfQu\u00e9 diferencia hay entre una sala de formaci\u00f3n y una sala de reuni\u00f3n?<\/strong><br>Las salas de formaci\u00f3n suelen estar dise\u00f1adas para presentaciones educativas y talleres con disposici\u00f3n de aulas, mientras que las salas de reuni\u00f3n pueden estar orientadas m\u00e1s a reuniones de negocio. Puedes ver opciones de <strong>salas de reuni\u00f3n tambi\u00e9n disponibles<\/strong> en tu proveedor.<\/p>\n\n\n\n<h2 class=\"wp-block-heading\">Conclusi\u00f3n<\/h2>\n\n\n\n<p>Al organizar una formaci\u00f3n para grupos peque\u00f1os en Madrid, elegir el espacio adecuado es crucial. Las <strong>salas de formaci\u00f3n profesionales<\/strong>, como las que ofrece OfficeMadrid, te proporcionan la tecnolog\u00eda, flexibilidad y servicios necesarios para que tu evento sea un \u00e9xito. Eval\u00faa el tama\u00f1o de tus grupos, la tecnolog\u00eda que necesitas y la ubicaci\u00f3n m\u00e1s conveniente para tus asistentes. Si lo haces bien, no solo mejorar\u00e1s la experiencia de los participantes, sino tambi\u00e9n la percepci\u00f3n de tu marca o empresa.<\/p>\n","protected":false},"excerpt":{"rendered":"<p>\u00bfEst\u00e1s buscando empresas que ofrecen salas de formaci\u00f3n para grupos peque\u00f1os en Madrid? Ya sea que organices cursos, talleres, sesiones de coaching o presentaciones, contar con un espacio adecuado puede marcar la diferencia entre un evento exitoso y uno que no lo es. En esta gu\u00eda te mostramos opciones profesionales, qu\u00e9 caracter\u00edsticas valorar y c\u00f3mo &#8230; <a title=\"Empresas con salas de formaci\u00f3n para grupos peque\u00f1os en Madrid\" class=\"read-more\" href=\"https:\/\/www.officemadrid.es\/en\/salas-formacion-grupos-pequenos-madrid\/\" aria-label=\"Read more about Empresas con salas de formaci\u00f3n para grupos peque\u00f1os en Madrid\">Read more<\/a><\/p>\n","protected":false},"author":7,"featured_media":28116,"comment_status":"open","ping_status":"closed","sticky":false,"template":"","format":"standard","meta":{"_acf_changed":false,"footnotes":""},"categories":[16],"tags":[543],"class_list":["post-28115","post","type-post","status-publish","format-standard","has-post-thumbnail","hentry","category-espacios-flexibles","tag-alquiler-salas"],"acf":[],"yoast_head":"<!-- This site is optimized with the Yoast SEO plugin v27.4 - https:\/\/yoast.com\/product\/yoast-seo-wordpress\/ -->\n<title>Salas de formaci\u00f3n para grupos peque\u00f1os en Madrid | Office Madrid<\/title>\n<meta name=\"description\" content=\"Descubre empresas que ofrecen salas de formaci\u00f3n para grupos peque\u00f1os en Madrid y c\u00f3mo elegir el espacio ideal seg\u00fan tus objetivos.\" \/>\n<meta name=\"robots\" content=\"index, follow, max-snippet:-1, max-image-preview:large, max-video-preview:-1\" \/>\n<link rel=\"canonical\" href=\"https:\/\/www.officemadrid.es\/en\/salas-formacion-grupos-pequenos-madrid\/\" \/>\n<meta property=\"og:locale\" content=\"en_US\" \/>\n<meta property=\"og:type\" content=\"article\" \/>\n<meta property=\"og:title\" content=\"Salas de formaci\u00f3n para grupos peque\u00f1os en Madrid | Office Madrid\" \/>\n<meta property=\"og:description\" content=\"Descubre empresas que ofrecen salas de formaci\u00f3n para grupos peque\u00f1os en Madrid y c\u00f3mo elegir el espacio ideal seg\u00fan tus objetivos.\" \/>\n<meta property=\"og:url\" content=\"https:\/\/www.officemadrid.es\/en\/salas-formacion-grupos-pequenos-madrid\/\" \/>\n<meta property=\"og:site_name\" content=\"Office Madrid\" \/>\n<meta property=\"article:published_time\" content=\"2026-02-26T07:00:00+00:00\" \/>\n<meta property=\"og:image\" content=\"https:\/\/www.officemadrid.es\/\/wp-content\/uploads\/salas-formacion-grupos-pequenos-madrid.jpg\" \/>\n\t<meta property=\"og:image:width\" content=\"1640\" \/>\n\t<meta property=\"og:image:height\" content=\"924\" \/>\n\t<meta property=\"og:image:type\" content=\"image\/jpeg\" \/>\n<meta name=\"author\" content=\"Comunicaci\u00f3n\" \/>\n<meta name=\"twitter:card\" content=\"summary_large_image\" \/>\n<meta name=\"twitter:label1\" content=\"Written by\" \/>\n\t<meta name=\"twitter:data1\" content=\"Comunicaci\u00f3n\" \/>\n\t<meta name=\"twitter:label2\" content=\"Est. reading time\" \/>\n\t<meta name=\"twitter:data2\" content=\"7 minutes\" \/>\n<script type=\"application\/ld+json\" class=\"yoast-schema-graph\">{\"@context\":\"https:\\\/\\\/schema.org\",\"@graph\":[{\"@type\":\"Article\",\"@id\":\"https:\\\/\\\/www.officemadrid.es\\\/en\\\/salas-formacion-grupos-pequenos-madrid\\\/#article\",\"isPartOf\":{\"@id\":\"https:\\\/\\\/www.officemadrid.es\\\/en\\\/salas-formacion-grupos-pequenos-madrid\\\/\"},\"author\":{\"name\":\"Comunicaci\u00f3n\",\"@id\":\"https:\\\/\\\/www.officemadrid.es\\\/en\\\/#\\\/schema\\\/person\\\/d59d0464f4a85622a56a3312d1ef4c60\"},\"headline\":\"Empresas con salas de formaci\u00f3n para grupos peque\u00f1os en Madrid\",\"datePublished\":\"2026-02-26T07:00:00+00:00\",\"mainEntityOfPage\":{\"@id\":\"https:\\\/\\\/www.officemadrid.es\\\/en\\\/salas-formacion-grupos-pequenos-madrid\\\/\"},\"wordCount\":1424,\"commentCount\":0,\"publisher\":{\"@id\":\"https:\\\/\\\/www.officemadrid.es\\\/en\\\/#organization\"},\"image\":{\"@id\":\"https:\\\/\\\/www.officemadrid.es\\\/en\\\/salas-formacion-grupos-pequenos-madrid\\\/#primaryimage\"},\"thumbnailUrl\":\"https:\\\/\\\/www.officemadrid.es\\\/\\\/wp-content\\\/uploads\\\/salas-formacion-grupos-pequenos-madrid.jpg\",\"keywords\":[\"alquiler salas\"],\"articleSection\":[\"Espacios flexibles\"],\"inLanguage\":\"en-US\",\"potentialAction\":[{\"@type\":\"CommentAction\",\"name\":\"Comment\",\"target\":[\"https:\\\/\\\/www.officemadrid.es\\\/en\\\/salas-formacion-grupos-pequenos-madrid\\\/#respond\"]}]},{\"@type\":\"WebPage\",\"@id\":\"https:\\\/\\\/www.officemadrid.es\\\/en\\\/salas-formacion-grupos-pequenos-madrid\\\/\",\"url\":\"https:\\\/\\\/www.officemadrid.es\\\/en\\\/salas-formacion-grupos-pequenos-madrid\\\/\",\"name\":\"Salas de formaci\u00f3n para grupos peque\u00f1os en Madrid | Office Madrid\",\"isPartOf\":{\"@id\":\"https:\\\/\\\/www.officemadrid.es\\\/en\\\/#website\"},\"primaryImageOfPage\":{\"@id\":\"https:\\\/\\\/www.officemadrid.es\\\/en\\\/salas-formacion-grupos-pequenos-madrid\\\/#primaryimage\"},\"image\":{\"@id\":\"https:\\\/\\\/www.officemadrid.es\\\/en\\\/salas-formacion-grupos-pequenos-madrid\\\/#primaryimage\"},\"thumbnailUrl\":\"https:\\\/\\\/www.officemadrid.es\\\/\\\/wp-content\\\/uploads\\\/salas-formacion-grupos-pequenos-madrid.jpg\",\"datePublished\":\"2026-02-26T07:00:00+00:00\",\"description\":\"Descubre empresas que ofrecen salas de formaci\u00f3n para grupos peque\u00f1os en Madrid y c\u00f3mo elegir el espacio ideal seg\u00fan tus objetivos.\",\"breadcrumb\":{\"@id\":\"https:\\\/\\\/www.officemadrid.es\\\/en\\\/salas-formacion-grupos-pequenos-madrid\\\/#breadcrumb\"},\"inLanguage\":\"en-US\",\"potentialAction\":[{\"@type\":\"ReadAction\",\"target\":[\"https:\\\/\\\/www.officemadrid.es\\\/en\\\/salas-formacion-grupos-pequenos-madrid\\\/\"]}]},{\"@type\":\"ImageObject\",\"inLanguage\":\"en-US\",\"@id\":\"https:\\\/\\\/www.officemadrid.es\\\/en\\\/salas-formacion-grupos-pequenos-madrid\\\/#primaryimage\",\"url\":\"https:\\\/\\\/www.officemadrid.es\\\/\\\/wp-content\\\/uploads\\\/salas-formacion-grupos-pequenos-madrid.jpg\",\"contentUrl\":\"https:\\\/\\\/www.officemadrid.es\\\/\\\/wp-content\\\/uploads\\\/salas-formacion-grupos-pequenos-madrid.jpg\",\"width\":1640,\"height\":924,\"caption\":\"Empresas que ofrecen salas de formaci\u00f3n para grupos peque\u00f1os en Madrid\"},{\"@type\":\"BreadcrumbList\",\"@id\":\"https:\\\/\\\/www.officemadrid.es\\\/en\\\/salas-formacion-grupos-pequenos-madrid\\\/#breadcrumb\",\"itemListElement\":[{\"@type\":\"ListItem\",\"position\":1,\"name\":\"Portada\",\"item\":\"https:\\\/\\\/www.officemadrid.es\\\/en\\\/\"},{\"@type\":\"ListItem\",\"position\":2,\"name\":\"Empresas con salas de formaci\u00f3n para grupos peque\u00f1os en Madrid\"}]},{\"@type\":\"WebSite\",\"@id\":\"https:\\\/\\\/www.officemadrid.es\\\/en\\\/#website\",\"url\":\"https:\\\/\\\/www.officemadrid.es\\\/en\\\/\",\"name\":\"Office Madrid\",\"description\":\"Tu centro de negocios en Madrid\",\"publisher\":{\"@id\":\"https:\\\/\\\/www.officemadrid.es\\\/en\\\/#organization\"},\"potentialAction\":[{\"@type\":\"SearchAction\",\"target\":{\"@type\":\"EntryPoint\",\"urlTemplate\":\"https:\\\/\\\/www.officemadrid.es\\\/en\\\/?s={search_term_string}\"},\"query-input\":{\"@type\":\"PropertyValueSpecification\",\"valueRequired\":true,\"valueName\":\"search_term_string\"}}],\"inLanguage\":\"en-US\"},{\"@type\":\"Organization\",\"@id\":\"https:\\\/\\\/www.officemadrid.es\\\/en\\\/#organization\",\"name\":\"Office Madrid\",\"url\":\"https:\\\/\\\/www.officemadrid.es\\\/en\\\/\",\"logo\":{\"@type\":\"ImageObject\",\"inLanguage\":\"en-US\",\"@id\":\"https:\\\/\\\/www.officemadrid.es\\\/en\\\/#\\\/schema\\\/logo\\\/image\\\/\",\"url\":\"https:\\\/\\\/www.officemadrid.es\\\/wp-content\\\/uploads\\\/office-madrid.png\",\"contentUrl\":\"https:\\\/\\\/www.officemadrid.es\\\/wp-content\\\/uploads\\\/office-madrid.png\",\"width\":256,\"height\":70,\"caption\":\"Office Madrid\"},\"image\":{\"@id\":\"https:\\\/\\\/www.officemadrid.es\\\/en\\\/#\\\/schema\\\/logo\\\/image\\\/\"}},{\"@type\":\"Person\",\"@id\":\"https:\\\/\\\/www.officemadrid.es\\\/en\\\/#\\\/schema\\\/person\\\/d59d0464f4a85622a56a3312d1ef4c60\",\"name\":\"Comunicaci\u00f3n\",\"image\":{\"@type\":\"ImageObject\",\"inLanguage\":\"en-US\",\"@id\":\"https:\\\/\\\/secure.gravatar.com\\\/avatar\\\/dc186aed6ece3a6fff86ffab8f2348477232c5847d3acce03683a46d406bbc31?s=96&d=mm&r=g\",\"url\":\"https:\\\/\\\/secure.gravatar.com\\\/avatar\\\/dc186aed6ece3a6fff86ffab8f2348477232c5847d3acce03683a46d406bbc31?s=96&d=mm&r=g\",\"contentUrl\":\"https:\\\/\\\/secure.gravatar.com\\\/avatar\\\/dc186aed6ece3a6fff86ffab8f2348477232c5847d3acce03683a46d406bbc31?s=96&d=mm&r=g\",\"caption\":\"Comunicaci\u00f3n\"},\"url\":\"https:\\\/\\\/www.officemadrid.es\\\/en\\\/author\\\/cuentas-dz\\\/\"}]}<\/script>\n<!-- \/ Yoast SEO plugin. -->","yoast_head_json":{"title":"Salas de formaci\u00f3n para grupos peque\u00f1os en Madrid | Office Madrid","description":"Descubre empresas que ofrecen salas de formaci\u00f3n para grupos peque\u00f1os en Madrid y c\u00f3mo elegir el espacio ideal seg\u00fan tus objetivos.","robots":{"index":"index","follow":"follow","max-snippet":"max-snippet:-1","max-image-preview":"max-image-preview:large","max-video-preview":"max-video-preview:-1"},"canonical":"https:\/\/www.officemadrid.es\/en\/salas-formacion-grupos-pequenos-madrid\/","og_locale":"en_US","og_type":"article","og_title":"Salas de formaci\u00f3n para grupos peque\u00f1os en Madrid | Office Madrid","og_description":"Descubre empresas que ofrecen salas de formaci\u00f3n para grupos peque\u00f1os en Madrid y c\u00f3mo elegir el espacio ideal seg\u00fan tus objetivos.","og_url":"https:\/\/www.officemadrid.es\/en\/salas-formacion-grupos-pequenos-madrid\/","og_site_name":"Office Madrid","article_published_time":"2026-02-26T07:00:00+00:00","og_image":[{"width":1640,"height":924,"url":"https:\/\/www.officemadrid.es\/\/wp-content\/uploads\/salas-formacion-grupos-pequenos-madrid.jpg","type":"image\/jpeg"}],"author":"Comunicaci\u00f3n","twitter_card":"summary_large_image","twitter_misc":{"Written by":"Comunicaci\u00f3n","Est. reading time":"7 minutes"},"schema":{"@context":"https:\/\/schema.org","@graph":[{"@type":"Article","@id":"https:\/\/www.officemadrid.es\/en\/salas-formacion-grupos-pequenos-madrid\/#article","isPartOf":{"@id":"https:\/\/www.officemadrid.es\/en\/salas-formacion-grupos-pequenos-madrid\/"},"author":{"name":"Comunicaci\u00f3n","@id":"https:\/\/www.officemadrid.es\/en\/#\/schema\/person\/d59d0464f4a85622a56a3312d1ef4c60"},"headline":"Empresas con salas de formaci\u00f3n para grupos peque\u00f1os en Madrid","datePublished":"2026-02-26T07:00:00+00:00","mainEntityOfPage":{"@id":"https:\/\/www.officemadrid.es\/en\/salas-formacion-grupos-pequenos-madrid\/"},"wordCount":1424,"commentCount":0,"publisher":{"@id":"https:\/\/www.officemadrid.es\/en\/#organization"},"image":{"@id":"https:\/\/www.officemadrid.es\/en\/salas-formacion-grupos-pequenos-madrid\/#primaryimage"},"thumbnailUrl":"https:\/\/www.officemadrid.es\/\/wp-content\/uploads\/salas-formacion-grupos-pequenos-madrid.jpg","keywords":["alquiler salas"],"articleSection":["Espacios flexibles"],"inLanguage":"en-US","potentialAction":[{"@type":"CommentAction","name":"Comment","target":["https:\/\/www.officemadrid.es\/en\/salas-formacion-grupos-pequenos-madrid\/#respond"]}]},{"@type":"WebPage","@id":"https:\/\/www.officemadrid.es\/en\/salas-formacion-grupos-pequenos-madrid\/","url":"https:\/\/www.officemadrid.es\/en\/salas-formacion-grupos-pequenos-madrid\/","name":"Salas de formaci\u00f3n para grupos peque\u00f1os en Madrid | Office Madrid","isPartOf":{"@id":"https:\/\/www.officemadrid.es\/en\/#website"},"primaryImageOfPage":{"@id":"https:\/\/www.officemadrid.es\/en\/salas-formacion-grupos-pequenos-madrid\/#primaryimage"},"image":{"@id":"https:\/\/www.officemadrid.es\/en\/salas-formacion-grupos-pequenos-madrid\/#primaryimage"},"thumbnailUrl":"https:\/\/www.officemadrid.es\/\/wp-content\/uploads\/salas-formacion-grupos-pequenos-madrid.jpg","datePublished":"2026-02-26T07:00:00+00:00","description":"Descubre empresas que ofrecen salas de formaci\u00f3n para grupos peque\u00f1os en Madrid y c\u00f3mo elegir el espacio ideal seg\u00fan tus objetivos.","breadcrumb":{"@id":"https:\/\/www.officemadrid.es\/en\/salas-formacion-grupos-pequenos-madrid\/#breadcrumb"},"inLanguage":"en-US","potentialAction":[{"@type":"ReadAction","target":["https:\/\/www.officemadrid.es\/en\/salas-formacion-grupos-pequenos-madrid\/"]}]},{"@type":"ImageObject","inLanguage":"en-US","@id":"https:\/\/www.officemadrid.es\/en\/salas-formacion-grupos-pequenos-madrid\/#primaryimage","url":"https:\/\/www.officemadrid.es\/\/wp-content\/uploads\/salas-formacion-grupos-pequenos-madrid.jpg","contentUrl":"https:\/\/www.officemadrid.es\/\/wp-content\/uploads\/salas-formacion-grupos-pequenos-madrid.jpg","width":1640,"height":924,"caption":"Empresas que ofrecen salas de formaci\u00f3n para grupos peque\u00f1os en Madrid"},{"@type":"BreadcrumbList","@id":"https:\/\/www.officemadrid.es\/en\/salas-formacion-grupos-pequenos-madrid\/#breadcrumb","itemListElement":[{"@type":"ListItem","position":1,"name":"Portada","item":"https:\/\/www.officemadrid.es\/en\/"},{"@type":"ListItem","position":2,"name":"Empresas con salas de formaci\u00f3n para grupos peque\u00f1os en Madrid"}]},{"@type":"WebSite","@id":"https:\/\/www.officemadrid.es\/en\/#website","url":"https:\/\/www.officemadrid.es\/en\/","name":"Office Madrid","description":"Tu centro de negocios en Madrid","publisher":{"@id":"https:\/\/www.officemadrid.es\/en\/#organization"},"potentialAction":[{"@type":"SearchAction","target":{"@type":"EntryPoint","urlTemplate":"https:\/\/www.officemadrid.es\/en\/?s={search_term_string}"},"query-input":{"@type":"PropertyValueSpecification","valueRequired":true,"valueName":"search_term_string"}}],"inLanguage":"en-US"},{"@type":"Organization","@id":"https:\/\/www.officemadrid.es\/en\/#organization","name":"Office Madrid","url":"https:\/\/www.officemadrid.es\/en\/","logo":{"@type":"ImageObject","inLanguage":"en-US","@id":"https:\/\/www.officemadrid.es\/en\/#\/schema\/logo\/image\/","url":"https:\/\/www.officemadrid.es\/wp-content\/uploads\/office-madrid.png","contentUrl":"https:\/\/www.officemadrid.es\/wp-content\/uploads\/office-madrid.png","width":256,"height":70,"caption":"Office Madrid"},"image":{"@id":"https:\/\/www.officemadrid.es\/en\/#\/schema\/logo\/image\/"}},{"@type":"Person","@id":"https:\/\/www.officemadrid.es\/en\/#\/schema\/person\/d59d0464f4a85622a56a3312d1ef4c60","name":"Comunicaci\u00f3n","image":{"@type":"ImageObject","inLanguage":"en-US","@id":"https:\/\/secure.gravatar.com\/avatar\/dc186aed6ece3a6fff86ffab8f2348477232c5847d3acce03683a46d406bbc31?s=96&d=mm&r=g","url":"https:\/\/secure.gravatar.com\/avatar\/dc186aed6ece3a6fff86ffab8f2348477232c5847d3acce03683a46d406bbc31?s=96&d=mm&r=g","contentUrl":"https:\/\/secure.gravatar.com\/avatar\/dc186aed6ece3a6fff86ffab8f2348477232c5847d3acce03683a46d406bbc31?s=96&d=mm&r=g","caption":"Comunicaci\u00f3n"},"url":"https:\/\/www.officemadrid.es\/en\/author\/cuentas-dz\/"}]}},"_links":{"self":[{"href":"https:\/\/www.officemadrid.es\/en\/wp-json\/wp\/v2\/posts\/28115","targetHints":{"allow":["GET"]}}],"collection":[{"href":"https:\/\/www.officemadrid.es\/en\/wp-json\/wp\/v2\/posts"}],"about":[{"href":"https:\/\/www.officemadrid.es\/en\/wp-json\/wp\/v2\/types\/post"}],"author":[{"embeddable":true,"href":"https:\/\/www.officemadrid.es\/en\/wp-json\/wp\/v2\/users\/7"}],"replies":[{"embeddable":true,"href":"https:\/\/www.officemadrid.es\/en\/wp-json\/wp\/v2\/comments?post=28115"}],"version-history":[{"count":1,"href":"https:\/\/www.officemadrid.es\/en\/wp-json\/wp\/v2\/posts\/28115\/revisions"}],"predecessor-version":[{"id":28118,"href":"https:\/\/www.officemadrid.es\/en\/wp-json\/wp\/v2\/posts\/28115\/revisions\/28118"}],"wp:featuredmedia":[{"embeddable":true,"href":"https:\/\/www.officemadrid.es\/en\/wp-json\/wp\/v2\/media\/28116"}],"wp:attachment":[{"href":"https:\/\/www.officemadrid.es\/en\/wp-json\/wp\/v2\/media?parent=28115"}],"wp:term":[{"taxonomy":"category","embeddable":true,"href":"https:\/\/www.officemadrid.es\/en\/wp-json\/wp\/v2\/categories?post=28115"},{"taxonomy":"post_tag","embeddable":true,"href":"https:\/\/www.officemadrid.es\/en\/wp-json\/wp\/v2\/tags?post=28115"}],"curies":[{"name":"wp","href":"https:\/\/api.w.org\/{rel}","templated":true}]}}