{"id":29044,"date":"2026-09-03T09:00:05","date_gmt":"2026-09-03T07:00:05","guid":{"rendered":"https:\/\/www.officemadrid.es\/?p=29044"},"modified":"2026-09-03T10:09:48","modified_gmt":"2026-09-03T08:09:48","slug":"ayudas-subvenciones-autonomos-pymes-madrid","status":"publish","type":"post","link":"https:\/\/www.officemadrid.es\/en\/ayudas-subvenciones-autonomos-pymes-madrid\/","title":{"rendered":"Calendario de ayudas y subvenciones de Madrid para aut\u00f3nomos y PYMEs: segundo semestre de 2026"},"content":{"rendered":"\n<p class=\"wp-block-paragraph\">El segundo semestre puede decidir si una ayuda impulsa tu negocio o se convierte en otra oportunidad perdida.<\/p>\n\n\n\n<p class=\"wp-block-paragraph\">No siempre gana la empresa con el mejor proyecto.<\/p>\n\n\n\n<p class=\"wp-block-paragraph\">A menudo gana la que detecta la convocatoria a tiempo, prepara correctamente la documentaci\u00f3n y presenta la solicitud antes de que se agote el cr\u00e9dito disponible.<\/p>\n\n\n\n<p class=\"wp-block-paragraph\">Este calendario de <strong>ayudas para aut\u00f3nomos y pymes en Madrid en 2026<\/strong> re\u00fane las convocatorias m\u00e1s relevantes que permanecen abiertas, tienen plazos durante el segundo semestre o exigen actuaciones y justificaciones antes de terminar el a\u00f1o.<\/p>\n\n\n\n<p class=\"wp-block-paragraph\">La informaci\u00f3n se ha organizado por fechas, tipo de beneficiario y finalidad. No obstante, las bases, los cr\u00e9ditos y los estados de tramitaci\u00f3n pueden cambiar. Antes de solicitar cualquier subvenci\u00f3n, comprueba siempre la convocatoria en la Sede Electr\u00f3nica de la Comunidad de Madrid.<\/p>\n\n\n\n<h2 class=\"wp-block-heading\">Calendario r\u00e1pido de ayudas para aut\u00f3nomos y pymes en Madrid en 2026<\/h2>\n\n\n\n<figure class=\"wp-block-table\"><table class=\"has-fixed-layout\"><tbody><tr><th>Fecha o periodo<\/th><th>Ayuda<\/th><th>Beneficiarios principales<\/th><th>Estado a 13 de julio de 2026<\/th><\/tr><tr><td>Hasta el 17 de julio<\/td><td>Crecimiento de pymes innovadoras de base tecnol\u00f3gica<\/td><td>Pymes innovadoras de m\u00e1s de cinco a\u00f1os<\/td><td>Abierta<\/td><\/tr><tr><td>Hasta el 27 de julio<\/td><td>Modernizaci\u00f3n de mercados y galer\u00edas de alimentaci\u00f3n<\/td><td>Entidades y operadores incluidos en la convocatoria<\/td><td>Abierta<\/td><\/tr><tr><td>Hasta el 31 de julio<\/td><td>Tecnolog\u00edas de sistemas a\u00e9reos no tripulados<\/td><td>Empresas del sector tecnol\u00f3gico e industrial<\/td><td>Convocatoria de julio<\/td><\/tr><tr><td>Hasta el 15 de septiembre o agotamiento<\/td><td>Digitalizaci\u00f3n de pymes industriales<\/td><td>Pymes industriales madrile\u00f1as<\/td><td>Abierta seg\u00fan disponibilidad<\/td><\/tr><tr><td>Hasta septiembre: ejecuci\u00f3n y pago<\/td><td>Modernizaci\u00f3n de pymes comerciales, de servicios y artesanas<\/td><td>Pymes, empresarios individuales y comunidades de bienes<\/td><td>Solicitud en tramitaci\u00f3n; actuaciones pendientes<\/td><\/tr><tr><td>Durante todo el semestre<\/td><td>Tarifa Cero<\/td><td>Aut\u00f3nomos que cumplan las condiciones<\/td><td>Plazo permanente condicionado<\/td><\/tr><tr><td>Durante todo el semestre<\/td><td>Cheque Innovaci\u00f3n<\/td><td>Pymes madrile\u00f1as<\/td><td>Plazo permanente<\/td><\/tr><tr><td>Durante todo el semestre<\/td><td>Implantaci\u00f3n de responsabilidad social<\/td><td>Aut\u00f3nomos y peque\u00f1as empresas<\/td><td>Plazo permanente condicionado<\/td><\/tr><tr><td>Seg\u00fan cada contrataci\u00f3n<\/td><td>Incentivos a la contrataci\u00f3n<\/td><td>Empresas y aut\u00f3nomos empleadores<\/td><td>Plazos vinculados al alta<\/td><\/tr><tr><td>Enero de 2027<\/td><td>Crecimiento o consolidaci\u00f3n de aut\u00f3nomos y microempresas<\/td><td>Aut\u00f3nomos y microempresas<\/td><td>Pr\u00f3xima ventana confirmada<\/td><\/tr><\/tbody><\/table><\/figure>\n\n\n\n<p class=\"wp-block-paragraph\">El estado de cada convocatoria debe revisarse el mismo d\u00eda de presentar la solicitud. Algunas ayudas pueden cerrar antes de la fecha l\u00edmite si se agota el presupuesto.<\/p>\n\n\n\n<h2 class=\"wp-block-heading\">Julio de 2026: ayudas con plazos inmediatos<\/h2>\n\n\n\n<h3 class=\"wp-block-heading\">Ayudas para pymes innovadoras de base tecnol\u00f3gica<\/h3>\n\n\n\n<p class=\"wp-block-paragraph\">Las ayudas para fomentar el crecimiento de pymes innovadoras de base tecnol\u00f3gica permanecen abiertas hasta el <strong>17 de julio de 2026<\/strong>.<\/p>\n\n\n\n<p class=\"wp-block-paragraph\">Est\u00e1n dirigidas a peque\u00f1as y medianas empresas innovadoras con m\u00e1s de cinco a\u00f1os de antig\u00fcedad y, entre otros requisitos, con al menos un centro de trabajo en la Comunidad de Madrid.<\/p>\n\n\n\n<p class=\"wp-block-paragraph\">Los proyectos deben contribuir al crecimiento, la productividad y la consolidaci\u00f3n empresarial mediante innovaci\u00f3n tecnol\u00f3gica o industrial. Entre los \u00e1mbitos prioritarios se encuentran:<\/p>\n\n\n\n<ul class=\"wp-block-list\">\n<li>Transformaci\u00f3n digital.<\/li>\n\n\n\n<li>Tecnolog\u00edas avanzadas.<\/li>\n\n\n\n<li>Transici\u00f3n ecol\u00f3gica.<\/li>\n\n\n\n<li>Salud global.<\/li>\n\n\n\n<li>Biotecnolog\u00eda.<\/li>\n\n\n\n<li>Agroalimentaci\u00f3n.<\/li>\n\n\n\n<li>Procesos humanos y sociales.<\/li>\n<\/ul>\n\n\n\n<p class=\"wp-block-paragraph\">No basta con ser una pyme que utiliza tecnolog\u00eda. La empresa debe cumplir la definici\u00f3n y los requisitos espec\u00edficos de empresa innovadora establecidos en la convocatoria.<\/p>\n\n\n\n<p class=\"wp-block-paragraph\"><strong>Fecha l\u00edmite:<\/strong> 17 de julio de 2026.<\/p>\n\n\n\n<p class=\"wp-block-paragraph\"><strong>Referencia:<\/strong> A1001.<\/p>\n\n\n\n<p class=\"wp-block-paragraph\"><strong>Acci\u00f3n recomendada:<\/strong> revisar inmediatamente la documentaci\u00f3n societaria, la acreditaci\u00f3n de la condici\u00f3n innovadora, la memoria del proyecto y los gastos subvencionables.<\/p>\n\n\n\n<h3 class=\"wp-block-heading\">Ayudas para modernizar mercados y galer\u00edas de alimentaci\u00f3n<\/h3>\n\n\n\n<p class=\"wp-block-paragraph\">Esta convocatoria permanece abierta hasta el <strong>27 de julio de 2026<\/strong>.<\/p>\n\n\n\n<p class=\"wp-block-paragraph\">Su finalidad es financiar proyectos de reforma, rehabilitaci\u00f3n y adquisici\u00f3n de equipamiento comercial o tecnol\u00f3gico en mercados municipales y galer\u00edas de alimentaci\u00f3n de municipios madrile\u00f1os de menos de 250.000 habitantes.<\/p>\n\n\n\n<p class=\"wp-block-paragraph\">Es una l\u00ednea sectorial. Por tanto, no puede solicitarla cualquier comercio o pyme por el mero hecho de operar en la Comunidad de Madrid.<\/p>\n\n\n\n<p class=\"wp-block-paragraph\"><strong>Fecha l\u00edmite:<\/strong> 27 de julio de 2026.<\/p>\n\n\n\n<p class=\"wp-block-paragraph\"><strong>Referencia:<\/strong> A1016.<\/p>\n\n\n\n<p class=\"wp-block-paragraph\">Antes de preparar la solicitud, comprueba si la naturaleza del establecimiento y del proyecto encaja exactamente con los beneficiarios admitidos.<\/p>\n\n\n\n<h3 class=\"wp-block-heading\">Ayudas para tecnolog\u00edas de sistemas a\u00e9reos no tripulados<\/h3>\n\n\n\n<p class=\"wp-block-paragraph\">La Comunidad de Madrid ha programado para julio de 2026 una convocatoria dirigida a proyectos relacionados con tecnolog\u00edas de sistemas a\u00e9reos no tripulados.<\/p>\n\n\n\n<p class=\"wp-block-paragraph\">El buscador oficial de ayudas se\u00f1ala un periodo comprendido entre el <strong>13 y el 31 de julio de 2026<\/strong>. Las bases deben revisarse para conocer qu\u00e9 empresas pueden participar, qu\u00e9 proyectos son subvencionables y qu\u00e9 documentaci\u00f3n t\u00e9cnica debe presentarse.<\/p>\n\n\n\n<p class=\"wp-block-paragraph\">Esta l\u00ednea puede ser relevante para empresas vinculadas con:<\/p>\n\n\n\n<ul class=\"wp-block-list\">\n<li>Drones.<\/li>\n\n\n\n<li>Rob\u00f3tica.<\/li>\n\n\n\n<li>Sensores.<\/li>\n\n\n\n<li>Sistemas de navegaci\u00f3n.<\/li>\n\n\n\n<li>Comunicaciones.<\/li>\n\n\n\n<li>Inteligencia artificial aplicada.<\/li>\n\n\n\n<li>Seguridad.<\/li>\n\n\n\n<li>Inspecci\u00f3n de infraestructuras.<\/li>\n\n\n\n<li>Log\u00edstica a\u00e9rea.<\/li>\n<\/ul>\n\n\n\n<p class=\"wp-block-paragraph\"><strong>Fecha prevista de cierre:<\/strong> 31 de julio de 2026.<\/p>\n\n\n\n<p class=\"wp-block-paragraph\">No debe confundirse una menci\u00f3n en el buscador con la admisi\u00f3n autom\u00e1tica del proyecto. La empresa necesita acreditar el cumplimiento de todos los requisitos de la convocatoria.<\/p>\n\n\n\n<h2 class=\"wp-block-heading\">Agosto de 2026: preparaci\u00f3n y seguimiento<\/h2>\n\n\n\n<p class=\"wp-block-paragraph\">Agosto no debe considerarse un mes vac\u00edo.<\/p>\n\n\n\n<p class=\"wp-block-paragraph\">Aunque determinadas administraciones y empresas reducen su actividad, puede ser el mejor momento para preparar las solicitudes que cierran en septiembre y ordenar la documentaci\u00f3n necesaria para las ayudas permanentes.<\/p>\n\n\n\n<p class=\"wp-block-paragraph\">Durante agosto conviene revisar:<\/p>\n\n\n\n<ul class=\"wp-block-list\">\n<li>Certificados tributarios.<\/li>\n\n\n\n<li>Situaci\u00f3n con la Seguridad Social.<\/li>\n\n\n\n<li>Facturas y justificantes de pago.<\/li>\n\n\n\n<li>Memorias t\u00e9cnicas.<\/li>\n\n\n\n<li>Presupuestos de proveedores.<\/li>\n\n\n\n<li>Declaraciones de ayudas de minimis.<\/li>\n\n\n\n<li>Escrituras y poderes de representaci\u00f3n.<\/li>\n\n\n\n<li>Altas censales.<\/li>\n\n\n\n<li>Vida laboral.<\/li>\n\n\n\n<li>Plan de prevenci\u00f3n de riesgos laborales.<\/li>\n\n\n\n<li>Licencias y autorizaciones.<\/li>\n\n\n\n<li>Fechas exactas de realizaci\u00f3n de las inversiones.<\/li>\n<\/ul>\n\n\n\n<p class=\"wp-block-paragraph\">El error habitual es comenzar por el formulario.<\/p>\n\n\n\n<p class=\"wp-block-paragraph\">La preparaci\u00f3n deber\u00eda empezar por las bases reguladoras. Solo despu\u00e9s de comprobar que el solicitante, el proyecto y los gastos son elegibles tiene sentido recopilar el resto de la documentaci\u00f3n.<\/p>\n\n\n\n<h2 class=\"wp-block-heading\">Septiembre de 2026: digitalizaci\u00f3n e inversiones<\/h2>\n\n\n\n<h3 class=\"wp-block-heading\">Ayudas para la digitalizaci\u00f3n de pymes industriales<\/h3>\n\n\n\n<p class=\"wp-block-paragraph\">La l\u00ednea para la digitalizaci\u00f3n de pymes industriales mantiene el plazo abierto desde el 1 de enero de cada anualidad hasta el agotamiento de los fondos y, en todo caso, hasta el <strong>15 de septiembre<\/strong>.<\/p>\n\n\n\n<p class=\"wp-block-paragraph\">La expresi\u00f3n \u201chasta el agotamiento de los fondos\u201d es importante.<\/p>\n\n\n\n<p class=\"wp-block-paragraph\">Significa que esperar al \u00faltimo d\u00eda puede dejar a la empresa fuera incluso cuando formalmente todav\u00eda no ha llegado la fecha m\u00e1xima.<\/p>\n\n\n\n<p class=\"wp-block-paragraph\">Estas ayudas pueden ser relevantes para inversiones relacionadas con la digitalizaci\u00f3n industrial, dependiendo de los gastos incluidos en la convocatoria:<\/p>\n\n\n\n<ul class=\"wp-block-list\">\n<li>Software industrial.<\/li>\n\n\n\n<li>Sistemas de gesti\u00f3n.<\/li>\n\n\n\n<li>Automatizaci\u00f3n.<\/li>\n\n\n\n<li>Equipamiento tecnol\u00f3gico.<\/li>\n\n\n\n<li>Integraci\u00f3n de procesos.<\/li>\n\n\n\n<li>Digitalizaci\u00f3n de producci\u00f3n.<\/li>\n\n\n\n<li>Sistemas de an\u00e1lisis y control.<\/li>\n\n\n\n<li>Ciberseguridad industrial.<\/li>\n<\/ul>\n\n\n\n<p class=\"wp-block-paragraph\"><strong>Fecha m\u00e1xima indicada:<\/strong> 15 de septiembre de 2026.<\/p>\n\n\n\n<p class=\"wp-block-paragraph\"><strong>Riesgo:<\/strong> cierre anterior por agotamiento del cr\u00e9dito.<\/p>\n\n\n\n<p class=\"wp-block-paragraph\"><strong>Acci\u00f3n recomendada:<\/strong> comprobar la disponibilidad presupuestaria antes de iniciar una solicitud tard\u00eda.<\/p>\n\n\n\n<h3 class=\"wp-block-heading\">Modernizaci\u00f3n de pymes comerciales, de servicios y artesanas<\/h3>\n\n\n\n<p class=\"wp-block-paragraph\">La convocatoria de 2026 financia inversiones dirigidas a la modernizaci\u00f3n, digitalizaci\u00f3n e innovaci\u00f3n tecnol\u00f3gica de establecimientos y talleres de la Comunidad de Madrid.<\/p>\n\n\n\n<p class=\"wp-block-paragraph\">Entre las actuaciones contempladas se encuentran:<\/p>\n\n\n\n<ul class=\"wp-block-list\">\n<li>Obras de ampliaci\u00f3n, transformaci\u00f3n o apertura.<\/li>\n\n\n\n<li>Compra e instalaci\u00f3n de equipamiento.<\/li>\n\n\n\n<li>Maquinaria.<\/li>\n\n\n\n<li>Mobiliario.<\/li>\n\n\n\n<li>Equipos inform\u00e1ticos.<\/li>\n\n\n\n<li>Tecnolog\u00eda.<\/li>\n\n\n\n<li>Software necesario para la actividad.<\/li>\n<\/ul>\n\n\n\n<p class=\"wp-block-paragraph\">La subvenci\u00f3n financia el 50 % del presupuesto aceptado, con un m\u00e1ximo de 10.000 euros. La inversi\u00f3n m\u00ednima es de 5.000 euros para pymes comerciales y de servicios y de 500 euros para el sector artesano.<\/p>\n\n\n\n<p class=\"wp-block-paragraph\">Las actuaciones subvencionables deben haberse realizado entre el <strong>16 de septiembre de 2025 y el 15 de septiembre de 2026<\/strong>. El pago material debe estar completado, como m\u00e1ximo, el <strong>30 de septiembre de 2026<\/strong>.<\/p>\n\n\n\n<p class=\"wp-block-paragraph\">A fecha de actualizaci\u00f3n de esta gu\u00eda, la convocatoria figura en tramitaci\u00f3n. Por tanto, esta informaci\u00f3n resulta especialmente relevante para empresas que ya presentaron la solicitud y deben cumplir correctamente los plazos de ejecuci\u00f3n, pago y justificaci\u00f3n.<\/p>\n\n\n\n<p class=\"wp-block-paragraph\"><strong>Fin del periodo de actuaciones:<\/strong> 15 de septiembre de 2026.<\/p>\n\n\n\n<p class=\"wp-block-paragraph\"><strong>Fecha l\u00edmite del pago material:<\/strong> 30 de septiembre de 2026.<\/p>\n\n\n\n<p class=\"wp-block-paragraph\"><strong>Ayuda m\u00e1xima:<\/strong> 10.000 euros.<\/p>\n\n\n\n<h2 class=\"wp-block-heading\">Ayudas abiertas durante el segundo semestre de 2026<\/h2>\n\n\n\n<p class=\"wp-block-paragraph\">Algunas subvenciones no tienen una fecha \u00fanica de cierre para todos los solicitantes. Su plazo depende de cu\u00e1ndo se produce el alta, la inversi\u00f3n, la contrataci\u00f3n o la actuaci\u00f3n subvencionable.<\/p>\n\n\n\n<h3 class=\"wp-block-heading\">Tarifa Cero para aut\u00f3nomos<\/h3>\n\n\n\n<p class=\"wp-block-paragraph\">La Tarifa Cero es una subvenci\u00f3n de concesi\u00f3n directa destinada a fomentar y consolidar el empleo aut\u00f3nomo en la Comunidad de Madrid.<\/p>\n\n\n\n<p class=\"wp-block-paragraph\">La l\u00ednea permite compensar determinadas cuotas de personas trabajadoras por cuenta propia que hayan disfrutado de reducciones o bonificaciones y cumplan los requisitos establecidos.<\/p>\n\n\n\n<p class=\"wp-block-paragraph\">No debe entenderse como una ayuda que puede solicitarse en cualquier momento sin condiciones.<\/p>\n\n\n\n<p class=\"wp-block-paragraph\">La solicitud debe presentarse, con car\u00e1cter general, dentro de los <strong>tres meses siguientes a la finalizaci\u00f3n de cada periodo de doce meses<\/strong> de disfrute de la reducci\u00f3n o bonificaci\u00f3n correspondiente.<\/p>\n\n\n\n<p class=\"wp-block-paragraph\">Entre los requisitos figura que el domicilio de la actividad se encuentre en la Comunidad de Madrid y que el solicitante est\u00e9 al corriente de sus obligaciones tributarias y con la Seguridad Social.<\/p>\n\n\n\n<p class=\"wp-block-paragraph\">Tambi\u00e9n puede ser necesario presentar:<\/p>\n\n\n\n<ul class=\"wp-block-list\">\n<li>Informes de bases y cuotas.<\/li>\n\n\n\n<li>Alta censal.<\/li>\n\n\n\n<li>Vida laboral.<\/li>\n\n\n\n<li>Documentaci\u00f3n relativa a prevenci\u00f3n de riesgos.<\/li>\n\n\n\n<li>Justificantes espec\u00edficos seg\u00fan la modalidad.<\/li>\n<\/ul>\n\n\n\n<p class=\"wp-block-paragraph\"><strong>Estado:<\/strong> plazo permanente condicionado al momento en que termina el periodo subvencionable.<\/p>\n\n\n\n<p class=\"wp-block-paragraph\"><strong>Error habitual:<\/strong> solicitarla antes o despu\u00e9s de la ventana de tres meses que corresponde al aut\u00f3nomo.<\/p>\n\n\n\n<h3 class=\"wp-block-heading\">Ayudas para trabajadores que se constituyen por cuenta propia<\/h3>\n\n\n\n<p class=\"wp-block-paragraph\">La Comunidad de Madrid dispone de ayudas destinadas a personas que ponen en marcha una actividad por cuenta propia.<\/p>\n\n\n\n<p class=\"wp-block-paragraph\">Estas l\u00edneas pueden cubrir determinados gastos iniciales, conforme a los conceptos, cuant\u00edas y requisitos previstos en la regulaci\u00f3n vigente.<\/p>\n\n\n\n<p class=\"wp-block-paragraph\">En 2026, la Comunidad de Madrid ampli\u00f3 el presupuesto del programa para nuevos aut\u00f3nomos desde 3 hasta 5,5 millones de euros con el objetivo de responder a la demanda.<\/p>\n\n\n\n<p class=\"wp-block-paragraph\">Los posibles beneficiarios deben comprobar:<\/p>\n\n\n\n<ul class=\"wp-block-list\">\n<li>Cu\u00e1ndo se produjo el alta.<\/li>\n\n\n\n<li>Qu\u00e9 gastos iniciales son elegibles.<\/li>\n\n\n\n<li>Dentro de qu\u00e9 periodo deben haberse pagado.<\/li>\n\n\n\n<li>Qu\u00e9 colectivos pueden obtener una cuant\u00eda superior.<\/li>\n\n\n\n<li>Cu\u00e1ndo empieza y termina su plazo individual.<\/li>\n\n\n\n<li>Si la ayuda es compatible con otros programas.<\/li>\n<\/ul>\n\n\n\n<p class=\"wp-block-paragraph\">No debe confundirse esta ayuda con la Tarifa Cero. Una puede financiar determinados costes iniciales y la otra compensar cuotas bajo condiciones espec\u00edficas.<\/p>\n\n\n\n<h3 class=\"wp-block-heading\">Cheque Innovaci\u00f3n para pymes<\/h3>\n\n\n\n<p class=\"wp-block-paragraph\">El Programa Cheque Innovaci\u00f3n tiene un plazo permanente y busca incentivar que las pymes madrile\u00f1as utilicen servicios de apoyo a la investigaci\u00f3n, el desarrollo y la innovaci\u00f3n.<\/p>\n\n\n\n<p class=\"wp-block-paragraph\">Est\u00e1 especialmente orientado a peque\u00f1as y medianas empresas de sectores tradicionales cuyo modelo de negocio no se basa necesariamente en producir tecnolog\u00eda.<\/p>\n\n\n\n<p class=\"wp-block-paragraph\">Puede ser \u00fatil para contratar servicios especializados que ayuden a desarrollar o implantar innovaciones en el negocio.<\/p>\n\n\n\n<p class=\"wp-block-paragraph\">Antes de solicitarlo, hay que comprobar:<\/p>\n\n\n\n<ul class=\"wp-block-list\">\n<li>Qu\u00e9 proveedor puede prestar el servicio.<\/li>\n\n\n\n<li>Qu\u00e9 actividades son subvencionables.<\/li>\n\n\n\n<li>Si el proyecto puede iniciarse antes de la solicitud.<\/li>\n\n\n\n<li>Qu\u00e9 presupuesto m\u00ednimo o m\u00e1ximo se admite.<\/li>\n\n\n\n<li>C\u00f3mo debe justificarse la prestaci\u00f3n.<\/li>\n\n\n\n<li>Qu\u00e9 r\u00e9gimen de compatibilidad se aplica.<\/li>\n<\/ul>\n\n\n\n<p class=\"wp-block-paragraph\"><strong>Estado:<\/strong> plazo permanente.<\/p>\n\n\n\n<p class=\"wp-block-paragraph\"><strong>Beneficiarios:<\/strong> pymes madrile\u00f1as que cumplan las condiciones del programa.<\/p>\n\n\n\n<h3 class=\"wp-block-heading\">Ayudas para implantar la responsabilidad social<\/h3>\n\n\n\n<p class=\"wp-block-paragraph\">Los aut\u00f3nomos y las peque\u00f1as empresas pueden acceder a ayudas para financiar determinadas actuaciones de responsabilidad social.<\/p>\n\n\n\n<p class=\"wp-block-paragraph\">La subvenci\u00f3n puede alcanzar el <strong>75 % del coste<\/strong>, con un l\u00edmite m\u00e1ximo de <strong>2.500 euros por empresa<\/strong>.<\/p>\n\n\n\n<p class=\"wp-block-paragraph\">La solicitud debe presentarse dentro de los <strong>tres meses siguientes a la realizaci\u00f3n de la actividad subvencionable<\/strong>.<\/p>\n\n\n\n<p class=\"wp-block-paragraph\">Esta ayuda puede incluir actuaciones vinculadas con la implantaci\u00f3n, evaluaci\u00f3n o mejora de pol\u00edticas de responsabilidad social, seg\u00fan los conceptos admitidos en las bases.<\/p>\n\n\n\n<p class=\"wp-block-paragraph\"><strong>Estado:<\/strong> plazo permanente condicionado.<\/p>\n\n\n\n<p class=\"wp-block-paragraph\"><strong>Cuant\u00eda m\u00e1xima:<\/strong> 2.500 euros.<\/p>\n\n\n\n<p class=\"wp-block-paragraph\"><strong>Plazo individual:<\/strong> tres meses desde la actuaci\u00f3n.<\/p>\n\n\n\n<h2 class=\"wp-block-heading\">Ayudas a la contrataci\u00f3n durante el segundo semestre<\/h2>\n\n\n\n<p class=\"wp-block-paragraph\">Las empresas y aut\u00f3nomos que contratan trabajadores pueden acceder a diferentes incentivos en funci\u00f3n del perfil de la persona contratada y del tipo de contrato.<\/p>\n\n\n\n<p class=\"wp-block-paragraph\">Existen programas relacionados con:<\/p>\n\n\n\n<ul class=\"wp-block-list\">\n<li>Contrataci\u00f3n de j\u00f3venes.<\/li>\n\n\n\n<li>Personas desempleadas.<\/li>\n\n\n\n<li>Colectivos vulnerables.<\/li>\n\n\n\n<li>Personas con discapacidad.<\/li>\n\n\n\n<li>Conciliaci\u00f3n.<\/li>\n\n\n\n<li>Econom\u00eda social.<\/li>\n\n\n\n<li>Empresas de inserci\u00f3n.<\/li>\n\n\n\n<li>Conversi\u00f3n de contratos.<\/li>\n\n\n\n<li>Mantenimiento de determinados puestos.<\/li>\n<\/ul>\n\n\n\n<p class=\"wp-block-paragraph\">En algunas l\u00edneas, la solicitud debe presentarse dentro del <strong>mes siguiente al alta de la persona contratada en la Seguridad Social<\/strong>.<\/p>\n\n\n\n<p class=\"wp-block-paragraph\">Este tipo de plazo individual provoca muchas exclusiones.<\/p>\n\n\n\n<p class=\"wp-block-paragraph\">Una empresa puede cumplir los requisitos econ\u00f3micos y laborales, pero perder la subvenci\u00f3n simplemente por presentar la solicitud fuera de plazo.<\/p>\n\n\n\n<p class=\"wp-block-paragraph\">Antes de formalizar la contrataci\u00f3n, conviene revisar:<\/p>\n\n\n\n<ol start=\"1\" class=\"wp-block-list\">\n<li>El perfil exigido de la persona.<\/li>\n\n\n\n<li>Su situaci\u00f3n de inscripci\u00f3n como demandante de empleo.<\/li>\n\n\n\n<li>El tipo y duraci\u00f3n m\u00ednima del contrato.<\/li>\n\n\n\n<li>La jornada exigida.<\/li>\n\n\n\n<li>El mantenimiento obligatorio del empleo.<\/li>\n\n\n\n<li>El plazo para solicitar la ayuda.<\/li>\n\n\n\n<li>Las incompatibilidades.<\/li>\n\n\n\n<li>Las obligaciones de publicidad y justificaci\u00f3n.<\/li>\n<\/ol>\n\n\n\n<p class=\"wp-block-paragraph\">No es aconsejable contratar primero y buscar una subvenci\u00f3n despu\u00e9s. El orden correcto es revisar el incentivo antes de realizar el alta.<\/p>\n\n\n\n<h2 class=\"wp-block-heading\">Ayudas para el crecimiento de aut\u00f3nomos y microempresas<\/h2>\n\n\n\n<p class=\"wp-block-paragraph\">La Comunidad de Madrid ha creado una l\u00ednea de apoyo al crecimiento o consolidaci\u00f3n de aut\u00f3nomos y microempresas.<\/p>\n\n\n\n<p class=\"wp-block-paragraph\">La ayuda puede financiar el 50 % de la inversi\u00f3n elegible, con un l\u00edmite general de 140.000 euros y un m\u00e1ximo de 150.000 euros para empresas que desarrollen su actividad en municipios de menos de 20.000 habitantes.<\/p>\n\n\n\n<p class=\"wp-block-paragraph\">Entre los conceptos contemplados pueden encontrarse:<\/p>\n\n\n\n<ul class=\"wp-block-list\">\n<li>Equipamiento.<\/li>\n\n\n\n<li>Maquinaria.<\/li>\n\n\n\n<li>Mobiliario.<\/li>\n\n\n\n<li>Tecnolog\u00eda.<\/li>\n\n\n\n<li>Software.<\/li>\n\n\n\n<li>Adquisici\u00f3n o fusi\u00f3n con otra empresa.<\/li>\n\n\n\n<li>Inversiones destinadas a la expansi\u00f3n.<\/li>\n<\/ul>\n\n\n\n<p class=\"wp-block-paragraph\">Sin embargo, existe una precisi\u00f3n fundamental para el calendario.<\/p>\n\n\n\n<p class=\"wp-block-paragraph\">Tras la modificaci\u00f3n aprobada en junio de 2026, la presentaci\u00f3n de solicitudes se realizar\u00e1 durante el primer mes de cada a\u00f1o. El buscador oficial se\u00f1ala como pr\u00f3xima ventana el periodo comprendido entre el <strong>1 y el 31 de enero de 2027<\/strong>.<\/p>\n\n\n\n<p class=\"wp-block-paragraph\">Por tanto, esta l\u00ednea debe aparecer en el calendario del segundo semestre como una ayuda que hay que preparar, no como una convocatoria abierta para nuevas solicitudes entre julio y diciembre.<\/p>\n\n\n\n<p class=\"wp-block-paragraph\"><strong>Pr\u00f3ximo plazo confirmado:<\/strong> del 1 al 31 de enero de 2027.<\/p>\n\n\n\n<p class=\"wp-block-paragraph\"><strong>Financiaci\u00f3n:<\/strong> 50 % de la inversi\u00f3n elegible.<\/p>\n\n\n\n<p class=\"wp-block-paragraph\"><strong>L\u00edmite general:<\/strong> 140.000 euros.<\/p>\n\n\n\n<p class=\"wp-block-paragraph\"><strong>L\u00edmite en determinados municipios peque\u00f1os:<\/strong> 150.000 euros.<\/p>\n\n\n\n<h3 class=\"wp-block-heading\">Qu\u00e9 preparar antes de enero<\/h3>\n\n\n\n<p class=\"wp-block-paragraph\">Durante el segundo semestre de 2026, los posibles solicitantes deber\u00edan trabajar en:<\/p>\n\n\n\n<ul class=\"wp-block-list\">\n<li>Plan de crecimiento.<\/li>\n\n\n\n<li>Memoria econ\u00f3mica.<\/li>\n\n\n\n<li>Presupuestos.<\/li>\n\n\n\n<li>Calendario de inversi\u00f3n.<\/li>\n\n\n\n<li>Proyecciones.<\/li>\n\n\n\n<li>Documentaci\u00f3n societaria.<\/li>\n\n\n\n<li>Certificados.<\/li>\n\n\n\n<li>Plan de empleo, cuando proceda.<\/li>\n\n\n\n<li>Justificaci\u00f3n del impacto de la inversi\u00f3n.<\/li>\n\n\n\n<li>Comprobaci\u00f3n de los l\u00edmites de minimis.<\/li>\n<\/ul>\n\n\n\n<p class=\"wp-block-paragraph\">Esperar a enero para construir toda la operaci\u00f3n puede reducir dr\u00e1sticamente la calidad de la solicitud.<\/p>\n\n\n\n<h2 class=\"wp-block-heading\">Diferencia entre una ayuda abierta y una ayuda anunciada<\/h2>\n\n\n\n<p class=\"wp-block-paragraph\">Una noticia institucional no equivale a una convocatoria abierta.<\/p>\n\n\n\n<p class=\"wp-block-paragraph\">Para que una empresa pueda presentar la solicitud deben existir, como m\u00ednimo:<\/p>\n\n\n\n<ul class=\"wp-block-list\">\n<li>Bases reguladoras.<\/li>\n\n\n\n<li>Convocatoria o procedimiento de concesi\u00f3n.<\/li>\n\n\n\n<li>Cr\u00e9dito disponible.<\/li>\n\n\n\n<li>Beneficiarios definidos.<\/li>\n\n\n\n<li>Gastos subvencionables.<\/li>\n\n\n\n<li>Plazo.<\/li>\n\n\n\n<li>Formulario.<\/li>\n\n\n\n<li>Canal de presentaci\u00f3n.<\/li>\n<\/ul>\n\n\n\n<p class=\"wp-block-paragraph\">Los anuncios presupuestarios son \u00fatiles para anticiparse, pero no permiten solicitar una ayuda por s\u00ed solos.<\/p>\n\n\n\n<p class=\"wp-block-paragraph\">En este calendario se diferencian las convocatorias abiertas de las l\u00edneas futuras o en preparaci\u00f3n para evitar que el lector tome decisiones bas\u00e1ndose \u00fanicamente en titulares.<\/p>\n\n\n\n<h2 class=\"wp-block-heading\">C\u00f3mo saber qu\u00e9 subvenci\u00f3n corresponde a tu negocio<\/h2>\n\n\n\n<p class=\"wp-block-paragraph\">No empieces buscando la ayuda de mayor cuant\u00eda.<\/p>\n\n\n\n<p class=\"wp-block-paragraph\">Empieza clasificando tu proyecto.<\/p>\n\n\n\n<h3 class=\"wp-block-heading\">Seg\u00fan el tipo de solicitante<\/h3>\n\n\n\n<p class=\"wp-block-paragraph\">Determina si eres:<\/p>\n\n\n\n<ul class=\"wp-block-list\">\n<li>Aut\u00f3nomo.<\/li>\n\n\n\n<li>Microempresa.<\/li>\n\n\n\n<li>Peque\u00f1a empresa.<\/li>\n\n\n\n<li>Mediana empresa.<\/li>\n\n\n\n<li>Empresa innovadora.<\/li>\n\n\n\n<li>Comercio.<\/li>\n\n\n\n<li>Empresa industrial.<\/li>\n\n\n\n<li>Artesano.<\/li>\n\n\n\n<li>Startup.<\/li>\n\n\n\n<li>Entidad de econom\u00eda social.<\/li>\n<\/ul>\n\n\n\n<p class=\"wp-block-paragraph\">No todas las definiciones son intercambiables.<\/p>\n\n\n\n<p class=\"wp-block-paragraph\">Puedes consultar la gu\u00eda sobre <a href=\"https:\/\/www.officemadrid.es\/que-es-una-pyme-caracteristicas-y-tipos\/\">qu\u00e9 es una pyme y cu\u00e1les son sus caracter\u00edsticas<\/a> para comprobar los l\u00edmites generales de empleados, facturaci\u00f3n y balance.<\/p>\n\n\n\n<h3 class=\"wp-block-heading\">Seg\u00fan el destino del dinero<\/h3>\n\n\n\n<p class=\"wp-block-paragraph\">Clasifica la inversi\u00f3n:<\/p>\n\n\n\n<ul class=\"wp-block-list\">\n<li>Inicio de actividad.<\/li>\n\n\n\n<li>Pago de cuotas.<\/li>\n\n\n\n<li>Digitalizaci\u00f3n.<\/li>\n\n\n\n<li>Innovaci\u00f3n.<\/li>\n\n\n\n<li>Contrataci\u00f3n.<\/li>\n\n\n\n<li>Compra de equipamiento.<\/li>\n\n\n\n<li>Reforma.<\/li>\n\n\n\n<li>Expansi\u00f3n.<\/li>\n\n\n\n<li>Responsabilidad social.<\/li>\n\n\n\n<li>Internacionalizaci\u00f3n.<\/li>\n\n\n\n<li>Eficiencia energ\u00e9tica.<\/li>\n\n\n\n<li>Formaci\u00f3n.<\/li>\n<\/ul>\n\n\n\n<p class=\"wp-block-paragraph\">Una empresa puede cumplir los requisitos del beneficiario, pero quedar fuera porque el gasto concreto no es subvencionable.<\/p>\n\n\n\n<h3 class=\"wp-block-heading\">Seg\u00fan la fecha<\/h3>\n\n\n\n<p class=\"wp-block-paragraph\">Comprueba cuatro fechas diferentes:<\/p>\n\n\n\n<ol start=\"1\" class=\"wp-block-list\">\n<li>Apertura y cierre de solicitudes.<\/li>\n\n\n\n<li>Periodo subvencionable.<\/li>\n\n\n\n<li>Fecha m\u00e1xima de pago.<\/li>\n\n\n\n<li>Plazo de justificaci\u00f3n.<\/li>\n<\/ol>\n\n\n\n<p class=\"wp-block-paragraph\">Confundirlas es uno de los errores m\u00e1s frecuentes.<\/p>\n\n\n\n<h2 class=\"wp-block-heading\">Documentaci\u00f3n que deber\u00edas preparar<\/h2>\n\n\n\n<p class=\"wp-block-paragraph\">Aunque cada convocatoria exige documentos diferentes, conviene mantener una carpeta actualizada con:<\/p>\n\n\n\n<ul class=\"wp-block-list\">\n<li>Certificado digital.<\/li>\n\n\n\n<li>Escrituras o alta como aut\u00f3nomo.<\/li>\n\n\n\n<li>Poder de representaci\u00f3n.<\/li>\n\n\n\n<li>NIF.<\/li>\n\n\n\n<li>Modelo 036 o 037.<\/li>\n\n\n\n<li>Certificados tributarios.<\/li>\n\n\n\n<li>Certificado de la Seguridad Social.<\/li>\n\n\n\n<li>Vida laboral.<\/li>\n\n\n\n<li>Cuentas anuales.<\/li>\n\n\n\n<li>Declaraci\u00f3n de ayudas recibidas.<\/li>\n\n\n\n<li>Declaraci\u00f3n de minimis.<\/li>\n\n\n\n<li>Presupuestos.<\/li>\n\n\n\n<li>Facturas.<\/li>\n\n\n\n<li>Justificantes bancarios.<\/li>\n\n\n\n<li>Memoria t\u00e9cnica.<\/li>\n\n\n\n<li>Plan financiero.<\/li>\n\n\n\n<li>Contratos.<\/li>\n\n\n\n<li>Licencias.<\/li>\n\n\n\n<li>Certificados de plantilla.<\/li>\n\n\n\n<li>Plan de prevenci\u00f3n de riesgos.<\/li>\n<\/ul>\n\n\n\n<p class=\"wp-block-paragraph\">La documentaci\u00f3n debe ser coherente.<\/p>\n\n\n\n<p class=\"wp-block-paragraph\">Las diferencias entre el presupuesto, la factura, el pago, la memoria y el formulario pueden provocar requerimientos o la exclusi\u00f3n del expediente.<\/p>\n\n\n\n<h2 class=\"wp-block-heading\">Errores que pueden hacerte perder una subvenci\u00f3n<\/h2>\n\n\n\n<h3 class=\"wp-block-heading\">Presentar la solicitud fuera de plazo<\/h3>\n\n\n\n<p class=\"wp-block-paragraph\">Un d\u00eda tarde suele equivaler a quedar fuera.<\/p>\n\n\n\n<h3 class=\"wp-block-heading\">Iniciar el proyecto antes de tiempo<\/h3>\n\n\n\n<p class=\"wp-block-paragraph\">Algunas ayudas exigen que la inversi\u00f3n no haya comenzado antes de presentar la solicitud.<\/p>\n\n\n\n<h3 class=\"wp-block-heading\">Pagar en efectivo<\/h3>\n\n\n\n<p class=\"wp-block-paragraph\">Muchas convocatorias exigen trazabilidad bancaria.<\/p>\n\n\n\n<h3 class=\"wp-block-heading\">Incluir impuestos no subvencionables<\/h3>\n\n\n\n<p class=\"wp-block-paragraph\">El IVA recuperable suele quedar excluido.<\/p>\n\n\n\n<h3 class=\"wp-block-heading\">Utilizar proveedores vinculados<\/h3>\n\n\n\n<p class=\"wp-block-paragraph\">Las operaciones con empresas o personas relacionadas pueden estar prohibidas o exigir condiciones espec\u00edficas.<\/p>\n\n\n\n<h3 class=\"wp-block-heading\">No solicitar varios presupuestos<\/h3>\n\n\n\n<p class=\"wp-block-paragraph\">En determinados importes puede ser obligatorio comparar diferentes ofertas.<\/p>\n\n\n\n<h3 class=\"wp-block-heading\">Confundir presupuesto con gasto aprobado<\/h3>\n\n\n\n<p class=\"wp-block-paragraph\">La Administraci\u00f3n puede reducir conceptos o cuant\u00edas durante la evaluaci\u00f3n.<\/p>\n\n\n\n<h3 class=\"wp-block-heading\">No mantener la inversi\u00f3n o el empleo<\/h3>\n\n\n\n<p class=\"wp-block-paragraph\">Algunas subvenciones obligan a conservar los activos o puestos durante un periodo determinado.<\/p>\n\n\n\n<h3 class=\"wp-block-heading\">No comunicar otras ayudas<\/h3>\n\n\n\n<p class=\"wp-block-paragraph\">Ocultar subvenciones solicitadas o recibidas puede causar reintegros y sanciones.<\/p>\n\n\n\n<h3 class=\"wp-block-heading\">Cambiar el proyecto sin autorizaci\u00f3n<\/h3>\n\n\n\n<p class=\"wp-block-paragraph\">Una modificaci\u00f3n aparentemente peque\u00f1a puede alterar la elegibilidad.<\/p>\n\n\n\n<h2 class=\"wp-block-heading\">\u00bfLas subvenciones tributan?<\/h2>\n\n\n\n<p class=\"wp-block-paragraph\">Muchas ayudas tienen efectos fiscales.<\/p>\n\n\n\n<p class=\"wp-block-paragraph\">Dependiendo de su naturaleza, pueden considerarse ingresos, subvenciones de capital o subvenciones vinculadas con gastos.<\/p>\n\n\n\n<p class=\"wp-block-paragraph\">La fiscalidad concreta depender\u00e1 de:<\/p>\n\n\n\n<ul class=\"wp-block-list\">\n<li>El tipo de ayuda.<\/li>\n\n\n\n<li>La forma jur\u00eddica.<\/li>\n\n\n\n<li>El r\u00e9gimen contable.<\/li>\n\n\n\n<li>El gasto financiado.<\/li>\n\n\n\n<li>El momento de cobro.<\/li>\n\n\n\n<li>La obligaci\u00f3n de reintegro.<\/li>\n<\/ul>\n\n\n\n<p class=\"wp-block-paragraph\">No incluyas la cuant\u00eda \u00edntegra de la subvenci\u00f3n en tu planificaci\u00f3n financiera sin calcular antes su posible impacto fiscal y contable.<\/p>\n\n\n\n<h2 class=\"wp-block-heading\">C\u00f3mo organizar tu negocio mientras solicitas una ayuda<\/h2>\n\n\n\n<p class=\"wp-block-paragraph\">Una subvenci\u00f3n no deber\u00eda paralizar la actividad.<\/p>\n\n\n\n<p class=\"wp-block-paragraph\">Mientras preparas la solicitud, debes mantener una infraestructura capaz de atender clientes, recibir documentaci\u00f3n y responder a las notificaciones.<\/p>\n\n\n\n<p class=\"wp-block-paragraph\">Una <a href=\"https:\/\/www.officemadrid.es\/oficina-virtual\/\">oficina virtual en Madrid<\/a> puede ayudar a separar la direcci\u00f3n profesional del domicilio particular y centralizar determinados servicios empresariales.<\/p>\n\n\n\n<p class=\"wp-block-paragraph\">Cuando necesitas un espacio de trabajo recurrente, puedes valorar el <a href=\"https:\/\/www.officemadrid.es\/coworking\/\">coworking en Madrid<\/a> o el alquiler de un despacho.<\/p>\n\n\n\n<p class=\"wp-block-paragraph\">Para reuniones con asesores, proveedores o equipos de proyecto, tambi\u00e9n puedes reservar <a href=\"https:\/\/www.officemadrid.es\/alquiler-salas-de-reuniones\/\">salas de reuniones en Madrid<\/a> sin mantener permanentemente una sala propia.<\/p>\n\n\n\n<p class=\"wp-block-paragraph\">Estos servicios no garantizan la concesi\u00f3n de ninguna subvenci\u00f3n, pero pueden ayudar a ordenar la estructura operativa del negocio.<\/p>\n\n\n\n<h2 class=\"wp-block-heading\">Preguntas frecuentes<\/h2>\n\n\n\n<h3 class=\"wp-block-heading\">\u00bfQu\u00e9 ayudas puede pedir un aut\u00f3nomo en Madrid durante 2026?<\/h3>\n\n\n\n<p class=\"wp-block-paragraph\">Dependiendo de su situaci\u00f3n, puede estudiar la Tarifa Cero, las ayudas al inicio de actividad, los incentivos a la contrataci\u00f3n, el Cheque Innovaci\u00f3n, las ayudas de responsabilidad social y los programas sectoriales.<\/p>\n\n\n\n<h3 class=\"wp-block-heading\">\u00bfExiste un calendario cerrado para todo el segundo semestre?<\/h3>\n\n\n\n<p class=\"wp-block-paragraph\">No. Algunas convocatorias ya tienen fechas confirmadas, otras permanecen abiertas de forma permanente y otras pueden publicarse durante los pr\u00f3ximos meses.<\/p>\n\n\n\n<h3 class=\"wp-block-heading\">\u00bfPuedo solicitar varias subvenciones?<\/h3>\n\n\n\n<p class=\"wp-block-paragraph\">En ocasiones s\u00ed, pero hay que comprobar la compatibilidad, los l\u00edmites de financiaci\u00f3n y el r\u00e9gimen de minimis. Dos ayudas no pueden financiar dos veces el mismo gasto por encima del coste real.<\/p>\n\n\n\n<h3 class=\"wp-block-heading\">\u00bfCu\u00e1ndo debo empezar a preparar una solicitud?<\/h3>\n\n\n\n<p class=\"wp-block-paragraph\">En cuanto conozcas la inversi\u00f3n o contrataci\u00f3n. Esperar a la publicaci\u00f3n de la convocatoria puede dejar poco tiempo para obtener presupuestos, certificados y documentaci\u00f3n t\u00e9cnica.<\/p>\n\n\n\n<h3 class=\"wp-block-heading\">\u00bfLas ayudas se conceden por orden de llegada?<\/h3>\n\n\n\n<p class=\"wp-block-paragraph\">Depende del procedimiento. Algunas son de concesi\u00f3n directa hasta agotar el cr\u00e9dito y otras se tramitan mediante concurrencia competitiva.<\/p>\n\n\n\n<h3 class=\"wp-block-heading\">\u00bfPuedo comprar el equipo antes de pedir la ayuda?<\/h3>\n\n\n\n<p class=\"wp-block-paragraph\">Solo cuando las bases permitan que el gasto se haya realizado previamente dentro del periodo subvencionable.<\/p>\n\n\n\n<h3 class=\"wp-block-heading\">\u00bfQu\u00e9 ocurre si no justifico correctamente el gasto?<\/h3>\n\n\n\n<p class=\"wp-block-paragraph\">La Administraci\u00f3n puede reducir la subvenci\u00f3n, exigir su reintegro total o parcial y aplicar intereses.<\/p>\n\n\n\n<h3 class=\"wp-block-heading\">\u00bfD\u00f3nde se presentan las solicitudes?<\/h3>\n\n\n\n<p class=\"wp-block-paragraph\">La mayor\u00eda se tramita electr\u00f3nicamente mediante la Sede de la Comunidad de Madrid. Normalmente se necesita un sistema de identificaci\u00f3n o firma electr\u00f3nica admitido.<\/p>\n\n\n\n<h2 class=\"wp-block-heading\">Un calendario no consigue la ayuda por ti<\/h2>\n\n\n\n<p class=\"wp-block-paragraph\">Conocer una fecha es f\u00e1cil.<\/p>\n\n\n\n<p class=\"wp-block-paragraph\">Llegar a ella con una memoria s\u00f3lida, presupuestos v\u00e1lidos, certificados actualizados y un proyecto elegible es la parte dif\u00edcil.<\/p>\n\n\n\n<p class=\"wp-block-paragraph\">Utiliza este calendario de ayudas para aut\u00f3nomos y pymes en Madrid en 2026 como sistema de alerta, no como sustituto de las bases oficiales.<\/p>\n\n\n\n<p class=\"wp-block-paragraph\">Antes de invertir, contratar o firmar un pedido:<\/p>\n\n\n\n<ol start=\"1\" class=\"wp-block-list\">\n<li>Comprueba la convocatoria.<\/li>\n\n\n\n<li>Verifica que eres beneficiario.<\/li>\n\n\n\n<li>Revisa las fechas subvencionables.<\/li>\n\n\n\n<li>Calcula el coste que tendr\u00e1s que financiar.<\/li>\n\n\n\n<li>Confirma las obligaciones posteriores.<\/li>\n\n\n\n<li>Presenta la documentaci\u00f3n dentro del plazo.<\/li>\n<\/ol>\n\n\n\n<p class=\"wp-block-paragraph\">La subvenci\u00f3n debe acelerar un proyecto viable.<\/p>\n\n\n\n<p class=\"wp-block-paragraph\">Nunca deber\u00eda ser la \u00fanica raz\u00f3n por la que el proyecto existe.<\/p>\n","protected":false},"excerpt":{"rendered":"<p>El segundo semestre puede decidir si una ayuda impulsa tu negocio o se convierte en otra oportunidad perdida. No siempre gana la empresa con el mejor proyecto. A menudo gana la que detecta la convocatoria a tiempo, prepara correctamente la documentaci\u00f3n y presenta la solicitud antes de que se agote el cr\u00e9dito disponible. Este calendario &#8230; <a title=\"Calendario de ayudas y subvenciones de Madrid para aut\u00f3nomos y PYMEs: segundo semestre de 2026\" class=\"read-more\" href=\"https:\/\/www.officemadrid.es\/en\/ayudas-subvenciones-autonomos-pymes-madrid\/\" aria-label=\"Read more about Calendario de ayudas y subvenciones de Madrid para aut\u00f3nomos y PYMEs: segundo semestre de 2026\">Read more<\/a><\/p>\n","protected":false},"author":7,"featured_media":29045,"comment_status":"open","ping_status":"closed","sticky":false,"template":"","format":"standard","meta":{"_acf_changed":false,"footnotes":""},"categories":[441],"tags":[],"class_list":["post-29044","post","type-post","status-publish","format-standard","has-post-thumbnail","hentry","category-finanzas-gestion-y-administracion"],"acf":[],"yoast_head":"<!-- This site is optimized with the Yoast SEO plugin v28.2 - https:\/\/yoast.com\/product\/yoast-seo-wordpress\/ -->\n<title>Calendario de ayudas y subvenciones de Madrid para aut\u00f3nomos y PYMEs: segundo semestre de 2026 - Office Madrid<\/title>\n<meta name=\"description\" content=\"Calendario actualizado de ayudas para aut\u00f3nomos y pymes en Madrid durante el segundo semestre de 2026: plazos, requisitos y cuant\u00edas.\" \/>\n<meta name=\"robots\" content=\"index, follow, max-snippet:-1, max-image-preview:large, max-video-preview:-1\" \/>\n<link rel=\"canonical\" href=\"https:\/\/www.officemadrid.es\/en\/ayudas-subvenciones-autonomos-pymes-madrid\/\" \/>\n<meta property=\"og:locale\" content=\"en_US\" \/>\n<meta property=\"og:type\" content=\"article\" \/>\n<meta property=\"og:title\" content=\"Calendario de ayudas y subvenciones de Madrid para aut\u00f3nomos y PYMEs: segundo semestre de 2026 - Office Madrid\" \/>\n<meta property=\"og:description\" content=\"Calendario actualizado de ayudas para aut\u00f3nomos y pymes en Madrid durante el segundo semestre de 2026: plazos, requisitos y cuant\u00edas.\" \/>\n<meta property=\"og:url\" content=\"https:\/\/www.officemadrid.es\/en\/ayudas-subvenciones-autonomos-pymes-madrid\/\" \/>\n<meta property=\"og:site_name\" content=\"Office Madrid\" \/>\n<meta property=\"article:published_time\" content=\"2026-09-03T07:00:05+00:00\" \/>\n<meta property=\"article:modified_time\" content=\"2026-09-03T08:09:48+00:00\" \/>\n<meta property=\"og:image\" content=\"https:\/\/www.officemadrid.es\/\/wp-content\/uploads\/ayudas-subvenciones-autonomos-pymes-madrid.jpg\" \/>\n\t<meta property=\"og:image:width\" content=\"1000\" \/>\n\t<meta property=\"og:image:height\" content=\"667\" \/>\n\t<meta property=\"og:image:type\" content=\"image\/jpeg\" \/>\n<meta name=\"author\" content=\"Comunicaci\u00f3n\" \/>\n<meta name=\"twitter:card\" content=\"summary_large_image\" \/>\n<meta name=\"twitter:label1\" content=\"Written by\" \/>\n\t<meta name=\"twitter:data1\" content=\"Comunicaci\u00f3n\" \/>\n\t<meta name=\"twitter:label2\" content=\"Est. reading time\" \/>\n\t<meta name=\"twitter:data2\" content=\"16 minutes\" \/>\n<script type=\"application\/ld+json\" class=\"yoast-schema-graph\">{\"@context\":\"https:\\\/\\\/schema.org\",\"@graph\":[{\"@type\":\"Article\",\"@id\":\"https:\\\/\\\/www.officemadrid.es\\\/en\\\/ayudas-subvenciones-autonomos-pymes-madrid\\\/#article\",\"isPartOf\":{\"@id\":\"https:\\\/\\\/www.officemadrid.es\\\/en\\\/ayudas-subvenciones-autonomos-pymes-madrid\\\/\"},\"author\":{\"name\":\"Comunicaci\u00f3n\",\"@id\":\"https:\\\/\\\/www.officemadrid.es\\\/en\\\/#\\\/schema\\\/person\\\/d59d0464f4a85622a56a3312d1ef4c60\"},\"headline\":\"Calendario de ayudas y subvenciones de Madrid para aut\u00f3nomos y PYMEs: segundo semestre de 2026\",\"datePublished\":\"2026-09-03T07:00:05+00:00\",\"dateModified\":\"2026-09-03T08:09:48+00:00\",\"mainEntityOfPage\":{\"@id\":\"https:\\\/\\\/www.officemadrid.es\\\/en\\\/ayudas-subvenciones-autonomos-pymes-madrid\\\/\"},\"wordCount\":3564,\"commentCount\":0,\"publisher\":{\"@id\":\"https:\\\/\\\/www.officemadrid.es\\\/en\\\/#organization\"},\"image\":{\"@id\":\"https:\\\/\\\/www.officemadrid.es\\\/en\\\/ayudas-subvenciones-autonomos-pymes-madrid\\\/#primaryimage\"},\"thumbnailUrl\":\"https:\\\/\\\/www.officemadrid.es\\\/\\\/wp-content\\\/uploads\\\/ayudas-subvenciones-autonomos-pymes-madrid.jpg\",\"articleSection\":[\"Finanzas, Gesti\u00f3n y Administraci\u00f3n\"],\"inLanguage\":\"en-US\",\"potentialAction\":[{\"@type\":\"CommentAction\",\"name\":\"Comment\",\"target\":[\"https:\\\/\\\/www.officemadrid.es\\\/en\\\/ayudas-subvenciones-autonomos-pymes-madrid\\\/#respond\"]}]},{\"@type\":\"WebPage\",\"@id\":\"https:\\\/\\\/www.officemadrid.es\\\/en\\\/ayudas-subvenciones-autonomos-pymes-madrid\\\/\",\"url\":\"https:\\\/\\\/www.officemadrid.es\\\/en\\\/ayudas-subvenciones-autonomos-pymes-madrid\\\/\",\"name\":\"Calendario de ayudas y subvenciones de Madrid para aut\u00f3nomos y PYMEs: segundo semestre de 2026 - Office Madrid\",\"isPartOf\":{\"@id\":\"https:\\\/\\\/www.officemadrid.es\\\/en\\\/#website\"},\"primaryImageOfPage\":{\"@id\":\"https:\\\/\\\/www.officemadrid.es\\\/en\\\/ayudas-subvenciones-autonomos-pymes-madrid\\\/#primaryimage\"},\"image\":{\"@id\":\"https:\\\/\\\/www.officemadrid.es\\\/en\\\/ayudas-subvenciones-autonomos-pymes-madrid\\\/#primaryimage\"},\"thumbnailUrl\":\"https:\\\/\\\/www.officemadrid.es\\\/\\\/wp-content\\\/uploads\\\/ayudas-subvenciones-autonomos-pymes-madrid.jpg\",\"datePublished\":\"2026-09-03T07:00:05+00:00\",\"dateModified\":\"2026-09-03T08:09:48+00:00\",\"description\":\"Calendario actualizado de ayudas para aut\u00f3nomos y pymes en Madrid durante el segundo semestre de 2026: plazos, requisitos y cuant\u00edas.\",\"breadcrumb\":{\"@id\":\"https:\\\/\\\/www.officemadrid.es\\\/en\\\/ayudas-subvenciones-autonomos-pymes-madrid\\\/#breadcrumb\"},\"inLanguage\":\"en-US\",\"potentialAction\":[{\"@type\":\"ReadAction\",\"target\":[\"https:\\\/\\\/www.officemadrid.es\\\/en\\\/ayudas-subvenciones-autonomos-pymes-madrid\\\/\"]}]},{\"@type\":\"ImageObject\",\"inLanguage\":\"en-US\",\"@id\":\"https:\\\/\\\/www.officemadrid.es\\\/en\\\/ayudas-subvenciones-autonomos-pymes-madrid\\\/#primaryimage\",\"url\":\"https:\\\/\\\/www.officemadrid.es\\\/\\\/wp-content\\\/uploads\\\/ayudas-subvenciones-autonomos-pymes-madrid.jpg\",\"contentUrl\":\"https:\\\/\\\/www.officemadrid.es\\\/\\\/wp-content\\\/uploads\\\/ayudas-subvenciones-autonomos-pymes-madrid.jpg\",\"width\":1000,\"height\":667,\"caption\":\"Calendario de ayudas y subvenciones de Madrid para aut\u00f3nomos y PYMEs: segundo semestre de 2026\"},{\"@type\":\"BreadcrumbList\",\"@id\":\"https:\\\/\\\/www.officemadrid.es\\\/en\\\/ayudas-subvenciones-autonomos-pymes-madrid\\\/#breadcrumb\",\"itemListElement\":[{\"@type\":\"ListItem\",\"position\":1,\"name\":\"Portada\",\"item\":\"https:\\\/\\\/www.officemadrid.es\\\/en\\\/\"},{\"@type\":\"ListItem\",\"position\":2,\"name\":\"Calendario de ayudas y subvenciones de Madrid para aut\u00f3nomos y PYMEs: segundo semestre de 2026\"}]},{\"@type\":\"WebSite\",\"@id\":\"https:\\\/\\\/www.officemadrid.es\\\/en\\\/#website\",\"url\":\"https:\\\/\\\/www.officemadrid.es\\\/en\\\/\",\"name\":\"Office Madrid\",\"description\":\"Tu centro de negocios en Madrid\",\"publisher\":{\"@id\":\"https:\\\/\\\/www.officemadrid.es\\\/en\\\/#organization\"},\"potentialAction\":[{\"@type\":\"SearchAction\",\"target\":{\"@type\":\"EntryPoint\",\"urlTemplate\":\"https:\\\/\\\/www.officemadrid.es\\\/en\\\/?s={search_term_string}\"},\"query-input\":{\"@type\":\"PropertyValueSpecification\",\"valueRequired\":true,\"valueName\":\"search_term_string\"}}],\"inLanguage\":\"en-US\"},{\"@type\":\"Organization\",\"@id\":\"https:\\\/\\\/www.officemadrid.es\\\/en\\\/#organization\",\"name\":\"Office Madrid\",\"url\":\"https:\\\/\\\/www.officemadrid.es\\\/en\\\/\",\"logo\":{\"@type\":\"ImageObject\",\"inLanguage\":\"en-US\",\"@id\":\"https:\\\/\\\/www.officemadrid.es\\\/en\\\/#\\\/schema\\\/logo\\\/image\\\/\",\"url\":\"https:\\\/\\\/www.officemadrid.es\\\/wp-content\\\/uploads\\\/office-madrid.png\",\"contentUrl\":\"https:\\\/\\\/www.officemadrid.es\\\/wp-content\\\/uploads\\\/office-madrid.png\",\"width\":256,\"height\":70,\"caption\":\"Office Madrid\"},\"image\":{\"@id\":\"https:\\\/\\\/www.officemadrid.es\\\/en\\\/#\\\/schema\\\/logo\\\/image\\\/\"}},{\"@type\":\"Person\",\"@id\":\"https:\\\/\\\/www.officemadrid.es\\\/en\\\/#\\\/schema\\\/person\\\/d59d0464f4a85622a56a3312d1ef4c60\",\"name\":\"Comunicaci\u00f3n\",\"image\":{\"@type\":\"ImageObject\",\"inLanguage\":\"en-US\",\"@id\":\"https:\\\/\\\/www.officemadrid.es\\\/wp-content\\\/litespeed\\\/avatar\\\/1cd8f181de1838c841c94594f27c6022.jpg?ver=1787912724\",\"url\":\"https:\\\/\\\/www.officemadrid.es\\\/wp-content\\\/litespeed\\\/avatar\\\/1cd8f181de1838c841c94594f27c6022.jpg?ver=1787912724\",\"contentUrl\":\"https:\\\/\\\/www.officemadrid.es\\\/wp-content\\\/litespeed\\\/avatar\\\/1cd8f181de1838c841c94594f27c6022.jpg?ver=1787912724\",\"caption\":\"Comunicaci\u00f3n\"},\"url\":\"https:\\\/\\\/www.officemadrid.es\\\/en\\\/author\\\/cuentas-dz\\\/\"}]}<\/script>\n<!-- \/ Yoast SEO plugin. -->","yoast_head_json":{"title":"Calendario de ayudas y subvenciones de Madrid para aut\u00f3nomos y PYMEs: segundo semestre de 2026 - Office Madrid","description":"Calendario actualizado de ayudas para aut\u00f3nomos y pymes en Madrid durante el segundo semestre de 2026: plazos, requisitos y cuant\u00edas.","robots":{"index":"index","follow":"follow","max-snippet":"max-snippet:-1","max-image-preview":"max-image-preview:large","max-video-preview":"max-video-preview:-1"},"canonical":"https:\/\/www.officemadrid.es\/en\/ayudas-subvenciones-autonomos-pymes-madrid\/","og_locale":"en_US","og_type":"article","og_title":"Calendario de ayudas y subvenciones de Madrid para aut\u00f3nomos y PYMEs: segundo semestre de 2026 - Office Madrid","og_description":"Calendario actualizado de ayudas para aut\u00f3nomos y pymes en Madrid durante el segundo semestre de 2026: plazos, requisitos y cuant\u00edas.","og_url":"https:\/\/www.officemadrid.es\/en\/ayudas-subvenciones-autonomos-pymes-madrid\/","og_site_name":"Office Madrid","article_published_time":"2026-09-03T07:00:05+00:00","article_modified_time":"2026-09-03T08:09:48+00:00","og_image":[{"width":1000,"height":667,"url":"https:\/\/www.officemadrid.es\/\/wp-content\/uploads\/ayudas-subvenciones-autonomos-pymes-madrid.jpg","type":"image\/jpeg"}],"author":"Comunicaci\u00f3n","twitter_card":"summary_large_image","twitter_misc":{"Written by":"Comunicaci\u00f3n","Est. reading time":"16 minutes"},"schema":{"@context":"https:\/\/schema.org","@graph":[{"@type":"Article","@id":"https:\/\/www.officemadrid.es\/en\/ayudas-subvenciones-autonomos-pymes-madrid\/#article","isPartOf":{"@id":"https:\/\/www.officemadrid.es\/en\/ayudas-subvenciones-autonomos-pymes-madrid\/"},"author":{"name":"Comunicaci\u00f3n","@id":"https:\/\/www.officemadrid.es\/en\/#\/schema\/person\/d59d0464f4a85622a56a3312d1ef4c60"},"headline":"Calendario de ayudas y subvenciones de Madrid para aut\u00f3nomos y PYMEs: segundo semestre de 2026","datePublished":"2026-09-03T07:00:05+00:00","dateModified":"2026-09-03T08:09:48+00:00","mainEntityOfPage":{"@id":"https:\/\/www.officemadrid.es\/en\/ayudas-subvenciones-autonomos-pymes-madrid\/"},"wordCount":3564,"commentCount":0,"publisher":{"@id":"https:\/\/www.officemadrid.es\/en\/#organization"},"image":{"@id":"https:\/\/www.officemadrid.es\/en\/ayudas-subvenciones-autonomos-pymes-madrid\/#primaryimage"},"thumbnailUrl":"https:\/\/www.officemadrid.es\/\/wp-content\/uploads\/ayudas-subvenciones-autonomos-pymes-madrid.jpg","articleSection":["Finanzas, Gesti\u00f3n y Administraci\u00f3n"],"inLanguage":"en-US","potentialAction":[{"@type":"CommentAction","name":"Comment","target":["https:\/\/www.officemadrid.es\/en\/ayudas-subvenciones-autonomos-pymes-madrid\/#respond"]}]},{"@type":"WebPage","@id":"https:\/\/www.officemadrid.es\/en\/ayudas-subvenciones-autonomos-pymes-madrid\/","url":"https:\/\/www.officemadrid.es\/en\/ayudas-subvenciones-autonomos-pymes-madrid\/","name":"Calendario de ayudas y subvenciones de Madrid para aut\u00f3nomos y PYMEs: segundo semestre de 2026 - Office Madrid","isPartOf":{"@id":"https:\/\/www.officemadrid.es\/en\/#website"},"primaryImageOfPage":{"@id":"https:\/\/www.officemadrid.es\/en\/ayudas-subvenciones-autonomos-pymes-madrid\/#primaryimage"},"image":{"@id":"https:\/\/www.officemadrid.es\/en\/ayudas-subvenciones-autonomos-pymes-madrid\/#primaryimage"},"thumbnailUrl":"https:\/\/www.officemadrid.es\/\/wp-content\/uploads\/ayudas-subvenciones-autonomos-pymes-madrid.jpg","datePublished":"2026-09-03T07:00:05+00:00","dateModified":"2026-09-03T08:09:48+00:00","description":"Calendario actualizado de ayudas para aut\u00f3nomos y pymes en Madrid durante el segundo semestre de 2026: plazos, requisitos y cuant\u00edas.","breadcrumb":{"@id":"https:\/\/www.officemadrid.es\/en\/ayudas-subvenciones-autonomos-pymes-madrid\/#breadcrumb"},"inLanguage":"en-US","potentialAction":[{"@type":"ReadAction","target":["https:\/\/www.officemadrid.es\/en\/ayudas-subvenciones-autonomos-pymes-madrid\/"]}]},{"@type":"ImageObject","inLanguage":"en-US","@id":"https:\/\/www.officemadrid.es\/en\/ayudas-subvenciones-autonomos-pymes-madrid\/#primaryimage","url":"https:\/\/www.officemadrid.es\/\/wp-content\/uploads\/ayudas-subvenciones-autonomos-pymes-madrid.jpg","contentUrl":"https:\/\/www.officemadrid.es\/\/wp-content\/uploads\/ayudas-subvenciones-autonomos-pymes-madrid.jpg","width":1000,"height":667,"caption":"Calendario de ayudas y subvenciones de Madrid para aut\u00f3nomos y PYMEs: segundo semestre de 2026"},{"@type":"BreadcrumbList","@id":"https:\/\/www.officemadrid.es\/en\/ayudas-subvenciones-autonomos-pymes-madrid\/#breadcrumb","itemListElement":[{"@type":"ListItem","position":1,"name":"Portada","item":"https:\/\/www.officemadrid.es\/en\/"},{"@type":"ListItem","position":2,"name":"Calendario de ayudas y subvenciones de Madrid para aut\u00f3nomos y PYMEs: segundo semestre de 2026"}]},{"@type":"WebSite","@id":"https:\/\/www.officemadrid.es\/en\/#website","url":"https:\/\/www.officemadrid.es\/en\/","name":"Office Madrid","description":"Tu centro de negocios en Madrid","publisher":{"@id":"https:\/\/www.officemadrid.es\/en\/#organization"},"potentialAction":[{"@type":"SearchAction","target":{"@type":"EntryPoint","urlTemplate":"https:\/\/www.officemadrid.es\/en\/?s={search_term_string}"},"query-input":{"@type":"PropertyValueSpecification","valueRequired":true,"valueName":"search_term_string"}}],"inLanguage":"en-US"},{"@type":"Organization","@id":"https:\/\/www.officemadrid.es\/en\/#organization","name":"Office Madrid","url":"https:\/\/www.officemadrid.es\/en\/","logo":{"@type":"ImageObject","inLanguage":"en-US","@id":"https:\/\/www.officemadrid.es\/en\/#\/schema\/logo\/image\/","url":"https:\/\/www.officemadrid.es\/wp-content\/uploads\/office-madrid.png","contentUrl":"https:\/\/www.officemadrid.es\/wp-content\/uploads\/office-madrid.png","width":256,"height":70,"caption":"Office Madrid"},"image":{"@id":"https:\/\/www.officemadrid.es\/en\/#\/schema\/logo\/image\/"}},{"@type":"Person","@id":"https:\/\/www.officemadrid.es\/en\/#\/schema\/person\/d59d0464f4a85622a56a3312d1ef4c60","name":"Comunicaci\u00f3n","image":{"@type":"ImageObject","inLanguage":"en-US","@id":"https:\/\/www.officemadrid.es\/wp-content\/litespeed\/avatar\/1cd8f181de1838c841c94594f27c6022.jpg?ver=1787912724","url":"https:\/\/www.officemadrid.es\/wp-content\/litespeed\/avatar\/1cd8f181de1838c841c94594f27c6022.jpg?ver=1787912724","contentUrl":"https:\/\/www.officemadrid.es\/wp-content\/litespeed\/avatar\/1cd8f181de1838c841c94594f27c6022.jpg?ver=1787912724","caption":"Comunicaci\u00f3n"},"url":"https:\/\/www.officemadrid.es\/en\/author\/cuentas-dz\/"}]}},"_links":{"self":[{"href":"https:\/\/www.officemadrid.es\/en\/wp-json\/wp\/v2\/posts\/29044","targetHints":{"allow":["GET"]}}],"collection":[{"href":"https:\/\/www.officemadrid.es\/en\/wp-json\/wp\/v2\/posts"}],"about":[{"href":"https:\/\/www.officemadrid.es\/en\/wp-json\/wp\/v2\/types\/post"}],"author":[{"embeddable":true,"href":"https:\/\/www.officemadrid.es\/en\/wp-json\/wp\/v2\/users\/7"}],"replies":[{"embeddable":true,"href":"https:\/\/www.officemadrid.es\/en\/wp-json\/wp\/v2\/comments?post=29044"}],"version-history":[{"count":1,"href":"https:\/\/www.officemadrid.es\/en\/wp-json\/wp\/v2\/posts\/29044\/revisions"}],"predecessor-version":[{"id":29047,"href":"https:\/\/www.officemadrid.es\/en\/wp-json\/wp\/v2\/posts\/29044\/revisions\/29047"}],"wp:featuredmedia":[{"embeddable":true,"href":"https:\/\/www.officemadrid.es\/en\/wp-json\/wp\/v2\/media\/29045"}],"wp:attachment":[{"href":"https:\/\/www.officemadrid.es\/en\/wp-json\/wp\/v2\/media?parent=29044"}],"wp:term":[{"taxonomy":"category","embeddable":true,"href":"https:\/\/www.officemadrid.es\/en\/wp-json\/wp\/v2\/categories?post=29044"},{"taxonomy":"post_tag","embeddable":true,"href":"https:\/\/www.officemadrid.es\/en\/wp-json\/wp\/v2\/tags?post=29044"}],"curies":[{"name":"wp","href":"https:\/\/api.w.org\/{rel}","templated":true}]}}