{"id":517,"date":"2016-02-04T11:15:33","date_gmt":"2016-02-04T10:15:33","guid":{"rendered":"https:\/\/officemadrid.es\/?p=517"},"modified":"2021-05-24T12:35:33","modified_gmt":"2021-05-24T10:35:33","slug":"nuevas-expectativas-de-los-centros-de-negocios-en-europa","status":"publish","type":"post","link":"https:\/\/www.officemadrid.es\/en\/nuevas-expectativas-de-los-centros-de-negocios-en-europa\/","title":{"rendered":"Nuevas expectativas de los Centros de Negocios en Europa"},"content":{"rendered":"<div class=\"itemFullText clearfix\">\nDesde <strong><a href=\"https:\/\/www.officemadrid.es\/\" target=\"_blank\" rel=\"noopener noreferrer\">Office Madrid <\/a><\/strong>queremos compartir con todos vosotros una informaci\u00f3n de la Asociaci\u00f3n Espa\u00f1ola de Centros de Negocios habla de un interesante informe sobre el contexto actual del sector de los centros de negocios en Europa y cu\u00e1les son las tendencias que marcar\u00e1n su futuro.<br \/>\nEn el momento en que una empresa tiene intenci\u00f3n de ampliar las fronteras de su negocio en Europa se puede encontrar con diversos problemas en el primer momento de querer establecerse en un pa\u00eds nuevo. Aparte de los costes derivados de acreditaciones y otros tr\u00e1mites, la ubicaci\u00f3n de este nuevo emplazamiento puede convertirse en un problema al no tener sus necesidades profesionales cubiertas desde un primer momento. \u00bfQu\u00e9 opciones hay ante esto?Gracias a la flexibilidad que ofrecen los Centros de Negocios a la hora de contratar sus servicios, instalarse en un Business Center de otra ciudad el tiempo que se necesite, puede ser la soluci\u00f3n.<br \/>\nA nivel europeo existe toda una red de Centros de Negocios agrupados en el EUROCBCA (European Confederation of Business Centers Associations), una organizaci\u00f3n sin \u00e1nimo de lucro que representa a los propietarios y proveedores de Business Centers y servicios de oficinas de nuestro continente, a trav\u00e9s de las asociaciones europeas m\u00e1s importantes del sector.<br \/>\nA niveles estad\u00edsticos, hasta un 67 por ciento de todos los centros de negocios en Europa tienen expectativas positivas para el resto del a\u00f1o, tal y como mostr\u00f3 la empresa <a href=\"http:\/\/www.matchoffice.com\/\" target=\"_blank\" rel=\"noopener noreferrer\">MatchOffice<\/a> en su \u00faltimo informe de 2015.<br \/>\nEl informe se basa en las respuestas de 585 centros de negocios en 35 pa\u00edses. La encuesta mueastra que el 70% de los centros est\u00e1n experimentando el mismo o mayor grado de alquileres en comparaci\u00f3n con a\u00f1os anteriores.<br \/>\nLos centros de negocios europeos tienen expectativas positivas para el futuro. Un 20% de ellos creen que los precios se estabilizar\u00e1n a principios de este a\u00f1o y el 10% espera que los alquileres disminuyan.<\/div>\n","protected":false},"excerpt":{"rendered":"<p>Desde Office Madrid queremos compartir con todos vosotros una informaci\u00f3n de la Asociaci\u00f3n Espa\u00f1ola de Centros de Negocios habla de un interesante informe sobre el contexto actual del sector de los centros de negocios en Europa y cu\u00e1les son las tendencias que marcar\u00e1n su futuro. En el momento en que una empresa tiene intenci\u00f3n de &#8230; <a title=\"Nuevas expectativas de los Centros de Negocios en Europa\" class=\"read-more\" href=\"https:\/\/www.officemadrid.es\/en\/nuevas-expectativas-de-los-centros-de-negocios-en-europa\/\" aria-label=\"Read more about Nuevas expectativas de los Centros de Negocios en Europa\">Read more<\/a><\/p>\n","protected":false},"author":7,"featured_media":518,"comment_status":"open","ping_status":"open","sticky":false,"template":"","format":"standard","meta":{"_acf_changed":false,"footnotes":""},"categories":[15],"tags":[28,29,30,31,32,33],"class_list":["post-517","post","type-post","status-publish","format-standard","has-post-thumbnail","hentry","category-comunidad-officemadrid","tag-actualidad","tag-centros-de-negocios","tag-espana","tag-europa","tag-expectativas","tag-madrid"],"acf":[],"yoast_head":"<!-- This site is optimized with the Yoast SEO plugin v27.4 - https:\/\/yoast.com\/product\/yoast-seo-wordpress\/ -->\n<title>Nuevas expectativas de los Centros de Negocios en Europa - Office Madrid<\/title>\n<meta name=\"description\" content=\"Desde Office Madrid queremos compartir con todos vosotros una informaci\u00f3n de la Asociaci\u00f3n Espa\u00f1ola de Centros de Negocios habla de un interesante inf...\" \/>\n<meta name=\"robots\" content=\"index, follow, max-snippet:-1, max-image-preview:large, max-video-preview:-1\" \/>\n<link rel=\"canonical\" href=\"https:\/\/www.officemadrid.es\/en\/nuevas-expectativas-de-los-centros-de-negocios-en-europa\/\" \/>\n<meta property=\"og:locale\" content=\"en_US\" \/>\n<meta property=\"og:type\" content=\"article\" \/>\n<meta property=\"og:title\" content=\"Nuevas expectativas de los Centros de Negocios en Europa - Office Madrid\" \/>\n<meta property=\"og:description\" content=\"Desde Office Madrid queremos compartir con todos vosotros una informaci\u00f3n de la Asociaci\u00f3n Espa\u00f1ola de Centros de Negocios habla de un interesante inf...\" \/>\n<meta property=\"og:url\" content=\"https:\/\/www.officemadrid.es\/en\/nuevas-expectativas-de-los-centros-de-negocios-en-europa\/\" \/>\n<meta property=\"og:site_name\" content=\"Office Madrid\" \/>\n<meta property=\"article:published_time\" content=\"2016-02-04T10:15:33+00:00\" \/>\n<meta property=\"article:modified_time\" content=\"2021-05-24T10:35:33+00:00\" \/>\n<meta name=\"author\" content=\"Comunicaci\u00f3n\" \/>\n<meta name=\"twitter:card\" content=\"summary_large_image\" \/>\n<meta name=\"twitter:label1\" content=\"Written by\" \/>\n\t<meta name=\"twitter:data1\" content=\"Comunicaci\u00f3n\" \/>\n\t<meta name=\"twitter:label2\" content=\"Est. reading time\" \/>\n\t<meta name=\"twitter:data2\" content=\"2 minutes\" \/>\n<script type=\"application\/ld+json\" class=\"yoast-schema-graph\">{\"@context\":\"https:\\\/\\\/schema.org\",\"@graph\":[{\"@type\":\"Article\",\"@id\":\"https:\\\/\\\/www.officemadrid.es\\\/en\\\/nuevas-expectativas-de-los-centros-de-negocios-en-europa\\\/#article\",\"isPartOf\":{\"@id\":\"https:\\\/\\\/www.officemadrid.es\\\/en\\\/nuevas-expectativas-de-los-centros-de-negocios-en-europa\\\/\"},\"author\":{\"name\":\"Comunicaci\u00f3n\",\"@id\":\"https:\\\/\\\/www.officemadrid.es\\\/en\\\/#\\\/schema\\\/person\\\/d59d0464f4a85622a56a3312d1ef4c60\"},\"headline\":\"Nuevas expectativas de los Centros de Negocios en Europa\",\"datePublished\":\"2016-02-04T10:15:33+00:00\",\"dateModified\":\"2021-05-24T10:35:33+00:00\",\"mainEntityOfPage\":{\"@id\":\"https:\\\/\\\/www.officemadrid.es\\\/en\\\/nuevas-expectativas-de-los-centros-de-negocios-en-europa\\\/\"},\"wordCount\":337,\"commentCount\":0,\"publisher\":{\"@id\":\"https:\\\/\\\/www.officemadrid.es\\\/en\\\/#organization\"},\"image\":{\"@id\":\"https:\\\/\\\/www.officemadrid.es\\\/en\\\/nuevas-expectativas-de-los-centros-de-negocios-en-europa\\\/#primaryimage\"},\"thumbnailUrl\":\"\",\"keywords\":[\"actualidad\",\"centros de negocios\",\"espa\u00f1a\",\"europa\",\"expectativas\",\"madrid\"],\"articleSection\":[\"Comunidad OfficeMadrid\"],\"inLanguage\":\"en-US\",\"potentialAction\":[{\"@type\":\"CommentAction\",\"name\":\"Comment\",\"target\":[\"https:\\\/\\\/www.officemadrid.es\\\/en\\\/nuevas-expectativas-de-los-centros-de-negocios-en-europa\\\/#respond\"]}]},{\"@type\":\"WebPage\",\"@id\":\"https:\\\/\\\/www.officemadrid.es\\\/en\\\/nuevas-expectativas-de-los-centros-de-negocios-en-europa\\\/\",\"url\":\"https:\\\/\\\/www.officemadrid.es\\\/en\\\/nuevas-expectativas-de-los-centros-de-negocios-en-europa\\\/\",\"name\":\"Nuevas expectativas de los Centros de Negocios en Europa - Office Madrid\",\"isPartOf\":{\"@id\":\"https:\\\/\\\/www.officemadrid.es\\\/en\\\/#website\"},\"primaryImageOfPage\":{\"@id\":\"https:\\\/\\\/www.officemadrid.es\\\/en\\\/nuevas-expectativas-de-los-centros-de-negocios-en-europa\\\/#primaryimage\"},\"image\":{\"@id\":\"https:\\\/\\\/www.officemadrid.es\\\/en\\\/nuevas-expectativas-de-los-centros-de-negocios-en-europa\\\/#primaryimage\"},\"thumbnailUrl\":\"\",\"datePublished\":\"2016-02-04T10:15:33+00:00\",\"dateModified\":\"2021-05-24T10:35:33+00:00\",\"description\":\"Desde Office Madrid queremos compartir con todos vosotros una informaci\u00f3n de la Asociaci\u00f3n Espa\u00f1ola de Centros de Negocios habla de un interesante inf...\",\"breadcrumb\":{\"@id\":\"https:\\\/\\\/www.officemadrid.es\\\/en\\\/nuevas-expectativas-de-los-centros-de-negocios-en-europa\\\/#breadcrumb\"},\"inLanguage\":\"en-US\",\"potentialAction\":[{\"@type\":\"ReadAction\",\"target\":[\"https:\\\/\\\/www.officemadrid.es\\\/en\\\/nuevas-expectativas-de-los-centros-de-negocios-en-europa\\\/\"]}]},{\"@type\":\"ImageObject\",\"inLanguage\":\"en-US\",\"@id\":\"https:\\\/\\\/www.officemadrid.es\\\/en\\\/nuevas-expectativas-de-los-centros-de-negocios-en-europa\\\/#primaryimage\",\"url\":\"\",\"contentUrl\":\"\"},{\"@type\":\"BreadcrumbList\",\"@id\":\"https:\\\/\\\/www.officemadrid.es\\\/en\\\/nuevas-expectativas-de-los-centros-de-negocios-en-europa\\\/#breadcrumb\",\"itemListElement\":[{\"@type\":\"ListItem\",\"position\":1,\"name\":\"Portada\",\"item\":\"https:\\\/\\\/www.officemadrid.es\\\/en\\\/\"},{\"@type\":\"ListItem\",\"position\":2,\"name\":\"Nuevas expectativas de los Centros de Negocios en Europa\"}]},{\"@type\":\"WebSite\",\"@id\":\"https:\\\/\\\/www.officemadrid.es\\\/en\\\/#website\",\"url\":\"https:\\\/\\\/www.officemadrid.es\\\/en\\\/\",\"name\":\"Office Madrid\",\"description\":\"Tu centro de negocios en Madrid\",\"publisher\":{\"@id\":\"https:\\\/\\\/www.officemadrid.es\\\/en\\\/#organization\"},\"potentialAction\":[{\"@type\":\"SearchAction\",\"target\":{\"@type\":\"EntryPoint\",\"urlTemplate\":\"https:\\\/\\\/www.officemadrid.es\\\/en\\\/?s={search_term_string}\"},\"query-input\":{\"@type\":\"PropertyValueSpecification\",\"valueRequired\":true,\"valueName\":\"search_term_string\"}}],\"inLanguage\":\"en-US\"},{\"@type\":\"Organization\",\"@id\":\"https:\\\/\\\/www.officemadrid.es\\\/en\\\/#organization\",\"name\":\"Office Madrid\",\"url\":\"https:\\\/\\\/www.officemadrid.es\\\/en\\\/\",\"logo\":{\"@type\":\"ImageObject\",\"inLanguage\":\"en-US\",\"@id\":\"https:\\\/\\\/www.officemadrid.es\\\/en\\\/#\\\/schema\\\/logo\\\/image\\\/\",\"url\":\"https:\\\/\\\/www.officemadrid.es\\\/wp-content\\\/uploads\\\/office-madrid.png\",\"contentUrl\":\"https:\\\/\\\/www.officemadrid.es\\\/wp-content\\\/uploads\\\/office-madrid.png\",\"width\":256,\"height\":70,\"caption\":\"Office Madrid\"},\"image\":{\"@id\":\"https:\\\/\\\/www.officemadrid.es\\\/en\\\/#\\\/schema\\\/logo\\\/image\\\/\"}},{\"@type\":\"Person\",\"@id\":\"https:\\\/\\\/www.officemadrid.es\\\/en\\\/#\\\/schema\\\/person\\\/d59d0464f4a85622a56a3312d1ef4c60\",\"name\":\"Comunicaci\u00f3n\",\"image\":{\"@type\":\"ImageObject\",\"inLanguage\":\"en-US\",\"@id\":\"https:\\\/\\\/secure.gravatar.com\\\/avatar\\\/dc186aed6ece3a6fff86ffab8f2348477232c5847d3acce03683a46d406bbc31?s=96&d=mm&r=g\",\"url\":\"https:\\\/\\\/secure.gravatar.com\\\/avatar\\\/dc186aed6ece3a6fff86ffab8f2348477232c5847d3acce03683a46d406bbc31?s=96&d=mm&r=g\",\"contentUrl\":\"https:\\\/\\\/secure.gravatar.com\\\/avatar\\\/dc186aed6ece3a6fff86ffab8f2348477232c5847d3acce03683a46d406bbc31?s=96&d=mm&r=g\",\"caption\":\"Comunicaci\u00f3n\"},\"url\":\"https:\\\/\\\/www.officemadrid.es\\\/en\\\/author\\\/cuentas-dz\\\/\"}]}<\/script>\n<!-- \/ Yoast SEO plugin. -->","yoast_head_json":{"title":"Nuevas expectativas de los Centros de Negocios en Europa - Office Madrid","description":"Desde Office Madrid queremos compartir con todos vosotros una informaci\u00f3n de la Asociaci\u00f3n Espa\u00f1ola de Centros de Negocios habla de un interesante inf...","robots":{"index":"index","follow":"follow","max-snippet":"max-snippet:-1","max-image-preview":"max-image-preview:large","max-video-preview":"max-video-preview:-1"},"canonical":"https:\/\/www.officemadrid.es\/en\/nuevas-expectativas-de-los-centros-de-negocios-en-europa\/","og_locale":"en_US","og_type":"article","og_title":"Nuevas expectativas de los Centros de Negocios en Europa - Office Madrid","og_description":"Desde Office Madrid queremos compartir con todos vosotros una informaci\u00f3n de la Asociaci\u00f3n Espa\u00f1ola de Centros de Negocios habla de un interesante inf...","og_url":"https:\/\/www.officemadrid.es\/en\/nuevas-expectativas-de-los-centros-de-negocios-en-europa\/","og_site_name":"Office Madrid","article_published_time":"2016-02-04T10:15:33+00:00","article_modified_time":"2021-05-24T10:35:33+00:00","author":"Comunicaci\u00f3n","twitter_card":"summary_large_image","twitter_misc":{"Written by":"Comunicaci\u00f3n","Est. reading time":"2 minutes"},"schema":{"@context":"https:\/\/schema.org","@graph":[{"@type":"Article","@id":"https:\/\/www.officemadrid.es\/en\/nuevas-expectativas-de-los-centros-de-negocios-en-europa\/#article","isPartOf":{"@id":"https:\/\/www.officemadrid.es\/en\/nuevas-expectativas-de-los-centros-de-negocios-en-europa\/"},"author":{"name":"Comunicaci\u00f3n","@id":"https:\/\/www.officemadrid.es\/en\/#\/schema\/person\/d59d0464f4a85622a56a3312d1ef4c60"},"headline":"Nuevas expectativas de los Centros de Negocios en Europa","datePublished":"2016-02-04T10:15:33+00:00","dateModified":"2021-05-24T10:35:33+00:00","mainEntityOfPage":{"@id":"https:\/\/www.officemadrid.es\/en\/nuevas-expectativas-de-los-centros-de-negocios-en-europa\/"},"wordCount":337,"commentCount":0,"publisher":{"@id":"https:\/\/www.officemadrid.es\/en\/#organization"},"image":{"@id":"https:\/\/www.officemadrid.es\/en\/nuevas-expectativas-de-los-centros-de-negocios-en-europa\/#primaryimage"},"thumbnailUrl":"","keywords":["actualidad","centros de negocios","espa\u00f1a","europa","expectativas","madrid"],"articleSection":["Comunidad OfficeMadrid"],"inLanguage":"en-US","potentialAction":[{"@type":"CommentAction","name":"Comment","target":["https:\/\/www.officemadrid.es\/en\/nuevas-expectativas-de-los-centros-de-negocios-en-europa\/#respond"]}]},{"@type":"WebPage","@id":"https:\/\/www.officemadrid.es\/en\/nuevas-expectativas-de-los-centros-de-negocios-en-europa\/","url":"https:\/\/www.officemadrid.es\/en\/nuevas-expectativas-de-los-centros-de-negocios-en-europa\/","name":"Nuevas expectativas de los Centros de Negocios en Europa - Office Madrid","isPartOf":{"@id":"https:\/\/www.officemadrid.es\/en\/#website"},"primaryImageOfPage":{"@id":"https:\/\/www.officemadrid.es\/en\/nuevas-expectativas-de-los-centros-de-negocios-en-europa\/#primaryimage"},"image":{"@id":"https:\/\/www.officemadrid.es\/en\/nuevas-expectativas-de-los-centros-de-negocios-en-europa\/#primaryimage"},"thumbnailUrl":"","datePublished":"2016-02-04T10:15:33+00:00","dateModified":"2021-05-24T10:35:33+00:00","description":"Desde Office Madrid queremos compartir con todos vosotros una informaci\u00f3n de la Asociaci\u00f3n Espa\u00f1ola de Centros de Negocios habla de un interesante inf...","breadcrumb":{"@id":"https:\/\/www.officemadrid.es\/en\/nuevas-expectativas-de-los-centros-de-negocios-en-europa\/#breadcrumb"},"inLanguage":"en-US","potentialAction":[{"@type":"ReadAction","target":["https:\/\/www.officemadrid.es\/en\/nuevas-expectativas-de-los-centros-de-negocios-en-europa\/"]}]},{"@type":"ImageObject","inLanguage":"en-US","@id":"https:\/\/www.officemadrid.es\/en\/nuevas-expectativas-de-los-centros-de-negocios-en-europa\/#primaryimage","url":"","contentUrl":""},{"@type":"BreadcrumbList","@id":"https:\/\/www.officemadrid.es\/en\/nuevas-expectativas-de-los-centros-de-negocios-en-europa\/#breadcrumb","itemListElement":[{"@type":"ListItem","position":1,"name":"Portada","item":"https:\/\/www.officemadrid.es\/en\/"},{"@type":"ListItem","position":2,"name":"Nuevas expectativas de los Centros de Negocios en Europa"}]},{"@type":"WebSite","@id":"https:\/\/www.officemadrid.es\/en\/#website","url":"https:\/\/www.officemadrid.es\/en\/","name":"Office Madrid","description":"Tu centro de negocios en Madrid","publisher":{"@id":"https:\/\/www.officemadrid.es\/en\/#organization"},"potentialAction":[{"@type":"SearchAction","target":{"@type":"EntryPoint","urlTemplate":"https:\/\/www.officemadrid.es\/en\/?s={search_term_string}"},"query-input":{"@type":"PropertyValueSpecification","valueRequired":true,"valueName":"search_term_string"}}],"inLanguage":"en-US"},{"@type":"Organization","@id":"https:\/\/www.officemadrid.es\/en\/#organization","name":"Office Madrid","url":"https:\/\/www.officemadrid.es\/en\/","logo":{"@type":"ImageObject","inLanguage":"en-US","@id":"https:\/\/www.officemadrid.es\/en\/#\/schema\/logo\/image\/","url":"https:\/\/www.officemadrid.es\/wp-content\/uploads\/office-madrid.png","contentUrl":"https:\/\/www.officemadrid.es\/wp-content\/uploads\/office-madrid.png","width":256,"height":70,"caption":"Office Madrid"},"image":{"@id":"https:\/\/www.officemadrid.es\/en\/#\/schema\/logo\/image\/"}},{"@type":"Person","@id":"https:\/\/www.officemadrid.es\/en\/#\/schema\/person\/d59d0464f4a85622a56a3312d1ef4c60","name":"Comunicaci\u00f3n","image":{"@type":"ImageObject","inLanguage":"en-US","@id":"https:\/\/secure.gravatar.com\/avatar\/dc186aed6ece3a6fff86ffab8f2348477232c5847d3acce03683a46d406bbc31?s=96&d=mm&r=g","url":"https:\/\/secure.gravatar.com\/avatar\/dc186aed6ece3a6fff86ffab8f2348477232c5847d3acce03683a46d406bbc31?s=96&d=mm&r=g","contentUrl":"https:\/\/secure.gravatar.com\/avatar\/dc186aed6ece3a6fff86ffab8f2348477232c5847d3acce03683a46d406bbc31?s=96&d=mm&r=g","caption":"Comunicaci\u00f3n"},"url":"https:\/\/www.officemadrid.es\/en\/author\/cuentas-dz\/"}]}},"_links":{"self":[{"href":"https:\/\/www.officemadrid.es\/en\/wp-json\/wp\/v2\/posts\/517","targetHints":{"allow":["GET"]}}],"collection":[{"href":"https:\/\/www.officemadrid.es\/en\/wp-json\/wp\/v2\/posts"}],"about":[{"href":"https:\/\/www.officemadrid.es\/en\/wp-json\/wp\/v2\/types\/post"}],"author":[{"embeddable":true,"href":"https:\/\/www.officemadrid.es\/en\/wp-json\/wp\/v2\/users\/7"}],"replies":[{"embeddable":true,"href":"https:\/\/www.officemadrid.es\/en\/wp-json\/wp\/v2\/comments?post=517"}],"version-history":[{"count":0,"href":"https:\/\/www.officemadrid.es\/en\/wp-json\/wp\/v2\/posts\/517\/revisions"}],"wp:featuredmedia":[{"embeddable":true,"href":"https:\/\/www.officemadrid.es\/en\/wp-json\/"}],"wp:attachment":[{"href":"https:\/\/www.officemadrid.es\/en\/wp-json\/wp\/v2\/media?parent=517"}],"wp:term":[{"taxonomy":"category","embeddable":true,"href":"https:\/\/www.officemadrid.es\/en\/wp-json\/wp\/v2\/categories?post=517"},{"taxonomy":"post_tag","embeddable":true,"href":"https:\/\/www.officemadrid.es\/en\/wp-json\/wp\/v2\/tags?post=517"}],"curies":[{"name":"wp","href":"https:\/\/api.w.org\/{rel}","templated":true}]}}