{"id":528,"date":"2016-05-09T11:22:03","date_gmt":"2016-05-09T09:22:03","guid":{"rendered":"https:\/\/officemadrid.es\/?p=528"},"modified":"2021-05-24T12:35:21","modified_gmt":"2021-05-24T10:35:21","slug":"tomas-calvo-desde-el-principio-se-vio-que-un-centro-de-negocios-era-la-solucion-mas-practica-y-economica-para-las-caracteristicas-de-la-empresa","status":"publish","type":"post","link":"https:\/\/www.officemadrid.es\/en\/tomas-calvo-desde-el-principio-se-vio-que-un-centro-de-negocios-era-la-solucion-mas-practica-y-economica-para-las-caracteristicas-de-la-empresa\/","title":{"rendered":"Tom\u00e1s Calvo: \u201cDesde el principio se vio que un Centro de Negocios era la soluci\u00f3n m\u00e1s pr\u00e1ctica y econ\u00f3mica para las caracter\u00edsticas de la empresa\u201d"},"content":{"rendered":"<div class=\"itemFullText clearfix\">\nEn las instalaciones de <a href=\"https:\/\/www.officemadrid.es\" target=\"_blank\" rel=\"noopener noreferrer\">Office Madrid \u2013 Centros de Negocios<\/a> son muchas las empresas o asociaciones de diferentes sectores que conf\u00edan en la fiabilidad de sus servicios para llevar a cabo su desarrollo laboral. Un ejemplo de ello es la <strong>Plataforma Integral Movilidad Madrid<\/strong>, encargada de la realizaci\u00f3n de todas las actividades de desarrollo y gesti\u00f3n de la Plataforma Integral tal y como se define en los Pliegos del Contrato Integral de Movilidad del <strong>Ayuntamiento de Madrid<\/strong>.<br \/>\n&#8220;Nuestra misi\u00f3n es facilitar y mejorar la movilidad de los ciudadanos de Madrid por la Ciudad, tanto de los residentes como de los veh\u00edculos que vienen de fuera de la Ciudad&#8221;, explica el representante Tom\u00e1s Calvo sobre los objetivos principales de la plataforma. Son ya dos a\u00f1os que llevan aplicando las nuevas medidas que tom\u00f3 el Ayuntamiento de Madrid para modernizar y mejorar la movilidad en la Ciudad.<br \/>\nDe entre los diferentes proyectos llevados a cabo por la plataforma, Calvo resalta la implantaci\u00f3n de la &#8216;<strong>Bicicleta P\u00fablica<\/strong>&#8216; en la ciudad con una gran acogida, &#8220;con m\u00e1s de 60 mil usuarios activos a d\u00eda de hoy&#8221;. Otro de los servicios llevados a cabo fue la modernizaci\u00f3n del <strong>Servicio de Estacionamiento<\/strong>, con la intenci\u00f3n de &#8220;favorecer la rotaci\u00f3n de veh\u00edculos en la Ciudad, eliminar los distintivos de residentes y comerciales y permitir reducir la tarifa a los veh\u00edculos menos contaminantes&#8221;, a\u00f1ade.<br \/>\nProyectos que se han llevado a cabo &#8220;con la intenci\u00f3n de mejorar la movilidad y reducir la contaminaci\u00f3n de la ciudad&#8221;, comenta el representante en referencia a actuaciones como la regulaci\u00f3n del acceso al centro de la ciudad entre otras.<br \/>\nPara ello, el poder trabajar desde un espacio como <strong>Office Madrid<\/strong>, &#8220;permite flexibilidad y simplicidad a la hora de disponer de un centro de trabajo con medios tecnol\u00f3gicos adecuados y una localizaci\u00f3n c\u00e9ntrica&#8221;, destaca Calvo.<br \/>\n&#8220;Desde el principio se vio que un <strong>Centro de Negocios<\/strong> era la soluci\u00f3n m\u00e1s pr\u00e1ctica y econ\u00f3mica para las caracter\u00edsticas de la empresa&#8221;, comenta el entrevistado al hablar de los servicios ofrecidos en las cuotas fijas por el centro de negocios, como la luz, el agua, los muebles y la limpieza entre otros.<br \/>\nCalvo resalta tambi\u00e9n otro factor clave de un enclave como Office Madrid: &#8220;La disponibilidad de salas de reuniones bien equipadas es fundamental para mi trabajo, al tener que reunirme con frecuencia con muchas empresas, proveedores y clientes, ya sea presencial o telem\u00e1ticamente&#8221;, para lo que recomienda fervientemente el uso de espacio como en el que la plataforma se emplaza actualmente por encima de las de una oficina tradicional.<\/div>\n","protected":false},"excerpt":{"rendered":"<p>En las instalaciones de Office Madrid \u2013 Centros de Negocios son muchas las empresas o asociaciones de diferentes sectores que conf\u00edan en la fiabilidad de sus servicios para llevar a cabo su desarrollo laboral. Un ejemplo de ello es la Plataforma Integral Movilidad Madrid, encargada de la realizaci\u00f3n de todas las actividades de desarrollo y &#8230; <a title=\"Tom\u00e1s Calvo: \u201cDesde el principio se vio que un Centro de Negocios era la soluci\u00f3n m\u00e1s pr\u00e1ctica y econ\u00f3mica para las caracter\u00edsticas de la empresa\u201d\" class=\"read-more\" href=\"https:\/\/www.officemadrid.es\/en\/tomas-calvo-desde-el-principio-se-vio-que-un-centro-de-negocios-era-la-solucion-mas-practica-y-economica-para-las-caracteristicas-de-la-empresa\/\" aria-label=\"Read more about Tom\u00e1s Calvo: \u201cDesde el principio se vio que un Centro de Negocios era la soluci\u00f3n m\u00e1s pr\u00e1ctica y econ\u00f3mica para las caracter\u00edsticas de la empresa\u201d\">Read more<\/a><\/p>\n","protected":false},"author":7,"featured_media":529,"comment_status":"open","ping_status":"open","sticky":false,"template":"","format":"standard","meta":{"_acf_changed":false,"footnotes":""},"categories":[15],"tags":[49,35,50,33,26,51,52,53],"class_list":["post-528","post","type-post","status-publish","format-standard","has-post-thumbnail","hentry","category-comunidad-officemadrid","tag-ahoro-es","tag-centro-de-negocios-es","tag-empresa-es","tag-madrid","tag-office-madrid","tag-oficina-es","tag-plataforma-integral-movilidad-es","tag-servicios-es"],"acf":[],"yoast_head":"<!-- This site is optimized with the Yoast SEO plugin v27.4 - https:\/\/yoast.com\/product\/yoast-seo-wordpress\/ -->\n<title>Tom\u00e1s Calvo: \u201cDesde el principio se vio que un Centro de Negocios era la soluci\u00f3n m\u00e1s pr\u00e1ctica y econ\u00f3mica para las caracter\u00edsticas de la empresa\u201d - Office Madrid<\/title>\n<meta name=\"description\" content=\"En las instalaciones de Office Madrid \u2013 Centros de Negocios son muchas las empresas o asociaciones de diferentes sectores que conf\u00edan en la fiabilidad...\" \/>\n<meta name=\"robots\" content=\"index, follow, max-snippet:-1, max-image-preview:large, max-video-preview:-1\" \/>\n<link rel=\"canonical\" href=\"https:\/\/www.officemadrid.es\/en\/tomas-calvo-desde-el-principio-se-vio-que-un-centro-de-negocios-era-la-solucion-mas-practica-y-economica-para-las-caracteristicas-de-la-empresa\/\" \/>\n<meta property=\"og:locale\" content=\"en_US\" \/>\n<meta property=\"og:type\" content=\"article\" \/>\n<meta property=\"og:title\" content=\"Tom\u00e1s Calvo: \u201cDesde el principio se vio que un Centro de Negocios era la soluci\u00f3n m\u00e1s pr\u00e1ctica y econ\u00f3mica para las caracter\u00edsticas de la empresa\u201d - Office Madrid\" \/>\n<meta property=\"og:description\" content=\"En las instalaciones de Office Madrid \u2013 Centros de Negocios son muchas las empresas o asociaciones de diferentes sectores que conf\u00edan en la fiabilidad...\" \/>\n<meta property=\"og:url\" content=\"https:\/\/www.officemadrid.es\/en\/tomas-calvo-desde-el-principio-se-vio-que-un-centro-de-negocios-era-la-solucion-mas-practica-y-economica-para-las-caracteristicas-de-la-empresa\/\" \/>\n<meta property=\"og:site_name\" content=\"Office Madrid\" \/>\n<meta property=\"article:published_time\" content=\"2016-05-09T09:22:03+00:00\" \/>\n<meta property=\"article:modified_time\" content=\"2021-05-24T10:35:21+00:00\" \/>\n<meta name=\"author\" content=\"Comunicaci\u00f3n\" \/>\n<meta name=\"twitter:card\" content=\"summary_large_image\" \/>\n<meta name=\"twitter:label1\" content=\"Written by\" \/>\n\t<meta name=\"twitter:data1\" content=\"Comunicaci\u00f3n\" \/>\n\t<meta name=\"twitter:label2\" content=\"Est. reading time\" \/>\n\t<meta name=\"twitter:data2\" content=\"2 minutes\" \/>\n<script type=\"application\/ld+json\" class=\"yoast-schema-graph\">{\"@context\":\"https:\\\/\\\/schema.org\",\"@graph\":[{\"@type\":\"Article\",\"@id\":\"https:\\\/\\\/www.officemadrid.es\\\/en\\\/tomas-calvo-desde-el-principio-se-vio-que-un-centro-de-negocios-era-la-solucion-mas-practica-y-economica-para-las-caracteristicas-de-la-empresa\\\/#article\",\"isPartOf\":{\"@id\":\"https:\\\/\\\/www.officemadrid.es\\\/en\\\/tomas-calvo-desde-el-principio-se-vio-que-un-centro-de-negocios-era-la-solucion-mas-practica-y-economica-para-las-caracteristicas-de-la-empresa\\\/\"},\"author\":{\"name\":\"Comunicaci\u00f3n\",\"@id\":\"https:\\\/\\\/www.officemadrid.es\\\/en\\\/#\\\/schema\\\/person\\\/d59d0464f4a85622a56a3312d1ef4c60\"},\"headline\":\"Tom\u00e1s Calvo: \u201cDesde el principio se vio que un Centro de Negocios era la soluci\u00f3n m\u00e1s pr\u00e1ctica y econ\u00f3mica para las caracter\u00edsticas de la empresa\u201d\",\"datePublished\":\"2016-05-09T09:22:03+00:00\",\"dateModified\":\"2021-05-24T10:35:21+00:00\",\"mainEntityOfPage\":{\"@id\":\"https:\\\/\\\/www.officemadrid.es\\\/en\\\/tomas-calvo-desde-el-principio-se-vio-que-un-centro-de-negocios-era-la-solucion-mas-practica-y-economica-para-las-caracteristicas-de-la-empresa\\\/\"},\"wordCount\":481,\"commentCount\":0,\"publisher\":{\"@id\":\"https:\\\/\\\/www.officemadrid.es\\\/en\\\/#organization\"},\"image\":{\"@id\":\"https:\\\/\\\/www.officemadrid.es\\\/en\\\/tomas-calvo-desde-el-principio-se-vio-que-un-centro-de-negocios-era-la-solucion-mas-practica-y-economica-para-las-caracteristicas-de-la-empresa\\\/#primaryimage\"},\"thumbnailUrl\":\"\",\"keywords\":[\"Ahoro\",\"Centro de negocios\",\"Empresa\",\"madrid\",\"Office Madrid\",\"Oficina\",\"Plataforma Integral Movilidad\",\"Servicios\"],\"articleSection\":[\"Comunidad OfficeMadrid\"],\"inLanguage\":\"en-US\",\"potentialAction\":[{\"@type\":\"CommentAction\",\"name\":\"Comment\",\"target\":[\"https:\\\/\\\/www.officemadrid.es\\\/en\\\/tomas-calvo-desde-el-principio-se-vio-que-un-centro-de-negocios-era-la-solucion-mas-practica-y-economica-para-las-caracteristicas-de-la-empresa\\\/#respond\"]}]},{\"@type\":\"WebPage\",\"@id\":\"https:\\\/\\\/www.officemadrid.es\\\/en\\\/tomas-calvo-desde-el-principio-se-vio-que-un-centro-de-negocios-era-la-solucion-mas-practica-y-economica-para-las-caracteristicas-de-la-empresa\\\/\",\"url\":\"https:\\\/\\\/www.officemadrid.es\\\/en\\\/tomas-calvo-desde-el-principio-se-vio-que-un-centro-de-negocios-era-la-solucion-mas-practica-y-economica-para-las-caracteristicas-de-la-empresa\\\/\",\"name\":\"Tom\u00e1s Calvo: \u201cDesde el principio se vio que un Centro de Negocios era la soluci\u00f3n m\u00e1s pr\u00e1ctica y econ\u00f3mica para las caracter\u00edsticas de la empresa\u201d - Office Madrid\",\"isPartOf\":{\"@id\":\"https:\\\/\\\/www.officemadrid.es\\\/en\\\/#website\"},\"primaryImageOfPage\":{\"@id\":\"https:\\\/\\\/www.officemadrid.es\\\/en\\\/tomas-calvo-desde-el-principio-se-vio-que-un-centro-de-negocios-era-la-solucion-mas-practica-y-economica-para-las-caracteristicas-de-la-empresa\\\/#primaryimage\"},\"image\":{\"@id\":\"https:\\\/\\\/www.officemadrid.es\\\/en\\\/tomas-calvo-desde-el-principio-se-vio-que-un-centro-de-negocios-era-la-solucion-mas-practica-y-economica-para-las-caracteristicas-de-la-empresa\\\/#primaryimage\"},\"thumbnailUrl\":\"\",\"datePublished\":\"2016-05-09T09:22:03+00:00\",\"dateModified\":\"2021-05-24T10:35:21+00:00\",\"description\":\"En las instalaciones de Office Madrid \u2013 Centros de Negocios son muchas las empresas o asociaciones de diferentes sectores que conf\u00edan en la fiabilidad...\",\"breadcrumb\":{\"@id\":\"https:\\\/\\\/www.officemadrid.es\\\/en\\\/tomas-calvo-desde-el-principio-se-vio-que-un-centro-de-negocios-era-la-solucion-mas-practica-y-economica-para-las-caracteristicas-de-la-empresa\\\/#breadcrumb\"},\"inLanguage\":\"en-US\",\"potentialAction\":[{\"@type\":\"ReadAction\",\"target\":[\"https:\\\/\\\/www.officemadrid.es\\\/en\\\/tomas-calvo-desde-el-principio-se-vio-que-un-centro-de-negocios-era-la-solucion-mas-practica-y-economica-para-las-caracteristicas-de-la-empresa\\\/\"]}]},{\"@type\":\"ImageObject\",\"inLanguage\":\"en-US\",\"@id\":\"https:\\\/\\\/www.officemadrid.es\\\/en\\\/tomas-calvo-desde-el-principio-se-vio-que-un-centro-de-negocios-era-la-solucion-mas-practica-y-economica-para-las-caracteristicas-de-la-empresa\\\/#primaryimage\",\"url\":\"\",\"contentUrl\":\"\"},{\"@type\":\"BreadcrumbList\",\"@id\":\"https:\\\/\\\/www.officemadrid.es\\\/en\\\/tomas-calvo-desde-el-principio-se-vio-que-un-centro-de-negocios-era-la-solucion-mas-practica-y-economica-para-las-caracteristicas-de-la-empresa\\\/#breadcrumb\",\"itemListElement\":[{\"@type\":\"ListItem\",\"position\":1,\"name\":\"Portada\",\"item\":\"https:\\\/\\\/www.officemadrid.es\\\/en\\\/\"},{\"@type\":\"ListItem\",\"position\":2,\"name\":\"Tom\u00e1s Calvo: \u201cDesde el principio se vio que un Centro de Negocios era la soluci\u00f3n m\u00e1s pr\u00e1ctica y econ\u00f3mica para las caracter\u00edsticas de la empresa\u201d\"}]},{\"@type\":\"WebSite\",\"@id\":\"https:\\\/\\\/www.officemadrid.es\\\/en\\\/#website\",\"url\":\"https:\\\/\\\/www.officemadrid.es\\\/en\\\/\",\"name\":\"Office Madrid\",\"description\":\"Tu centro de negocios en Madrid\",\"publisher\":{\"@id\":\"https:\\\/\\\/www.officemadrid.es\\\/en\\\/#organization\"},\"potentialAction\":[{\"@type\":\"SearchAction\",\"target\":{\"@type\":\"EntryPoint\",\"urlTemplate\":\"https:\\\/\\\/www.officemadrid.es\\\/en\\\/?s={search_term_string}\"},\"query-input\":{\"@type\":\"PropertyValueSpecification\",\"valueRequired\":true,\"valueName\":\"search_term_string\"}}],\"inLanguage\":\"en-US\"},{\"@type\":\"Organization\",\"@id\":\"https:\\\/\\\/www.officemadrid.es\\\/en\\\/#organization\",\"name\":\"Office Madrid\",\"url\":\"https:\\\/\\\/www.officemadrid.es\\\/en\\\/\",\"logo\":{\"@type\":\"ImageObject\",\"inLanguage\":\"en-US\",\"@id\":\"https:\\\/\\\/www.officemadrid.es\\\/en\\\/#\\\/schema\\\/logo\\\/image\\\/\",\"url\":\"https:\\\/\\\/www.officemadrid.es\\\/wp-content\\\/uploads\\\/office-madrid.png\",\"contentUrl\":\"https:\\\/\\\/www.officemadrid.es\\\/wp-content\\\/uploads\\\/office-madrid.png\",\"width\":256,\"height\":70,\"caption\":\"Office Madrid\"},\"image\":{\"@id\":\"https:\\\/\\\/www.officemadrid.es\\\/en\\\/#\\\/schema\\\/logo\\\/image\\\/\"}},{\"@type\":\"Person\",\"@id\":\"https:\\\/\\\/www.officemadrid.es\\\/en\\\/#\\\/schema\\\/person\\\/d59d0464f4a85622a56a3312d1ef4c60\",\"name\":\"Comunicaci\u00f3n\",\"image\":{\"@type\":\"ImageObject\",\"inLanguage\":\"en-US\",\"@id\":\"https:\\\/\\\/secure.gravatar.com\\\/avatar\\\/dc186aed6ece3a6fff86ffab8f2348477232c5847d3acce03683a46d406bbc31?s=96&d=mm&r=g\",\"url\":\"https:\\\/\\\/secure.gravatar.com\\\/avatar\\\/dc186aed6ece3a6fff86ffab8f2348477232c5847d3acce03683a46d406bbc31?s=96&d=mm&r=g\",\"contentUrl\":\"https:\\\/\\\/secure.gravatar.com\\\/avatar\\\/dc186aed6ece3a6fff86ffab8f2348477232c5847d3acce03683a46d406bbc31?s=96&d=mm&r=g\",\"caption\":\"Comunicaci\u00f3n\"},\"url\":\"https:\\\/\\\/www.officemadrid.es\\\/en\\\/author\\\/cuentas-dz\\\/\"}]}<\/script>\n<!-- \/ Yoast SEO plugin. -->","yoast_head_json":{"title":"Tom\u00e1s Calvo: \u201cDesde el principio se vio que un Centro de Negocios era la soluci\u00f3n m\u00e1s pr\u00e1ctica y econ\u00f3mica para las caracter\u00edsticas de la empresa\u201d - Office Madrid","description":"En las instalaciones de Office Madrid \u2013 Centros de Negocios son muchas las empresas o asociaciones de diferentes sectores que conf\u00edan en la fiabilidad...","robots":{"index":"index","follow":"follow","max-snippet":"max-snippet:-1","max-image-preview":"max-image-preview:large","max-video-preview":"max-video-preview:-1"},"canonical":"https:\/\/www.officemadrid.es\/en\/tomas-calvo-desde-el-principio-se-vio-que-un-centro-de-negocios-era-la-solucion-mas-practica-y-economica-para-las-caracteristicas-de-la-empresa\/","og_locale":"en_US","og_type":"article","og_title":"Tom\u00e1s Calvo: \u201cDesde el principio se vio que un Centro de Negocios era la soluci\u00f3n m\u00e1s pr\u00e1ctica y econ\u00f3mica para las caracter\u00edsticas de la empresa\u201d - Office Madrid","og_description":"En las instalaciones de Office Madrid \u2013 Centros de Negocios son muchas las empresas o asociaciones de diferentes sectores que conf\u00edan en la fiabilidad...","og_url":"https:\/\/www.officemadrid.es\/en\/tomas-calvo-desde-el-principio-se-vio-que-un-centro-de-negocios-era-la-solucion-mas-practica-y-economica-para-las-caracteristicas-de-la-empresa\/","og_site_name":"Office Madrid","article_published_time":"2016-05-09T09:22:03+00:00","article_modified_time":"2021-05-24T10:35:21+00:00","author":"Comunicaci\u00f3n","twitter_card":"summary_large_image","twitter_misc":{"Written by":"Comunicaci\u00f3n","Est. reading time":"2 minutes"},"schema":{"@context":"https:\/\/schema.org","@graph":[{"@type":"Article","@id":"https:\/\/www.officemadrid.es\/en\/tomas-calvo-desde-el-principio-se-vio-que-un-centro-de-negocios-era-la-solucion-mas-practica-y-economica-para-las-caracteristicas-de-la-empresa\/#article","isPartOf":{"@id":"https:\/\/www.officemadrid.es\/en\/tomas-calvo-desde-el-principio-se-vio-que-un-centro-de-negocios-era-la-solucion-mas-practica-y-economica-para-las-caracteristicas-de-la-empresa\/"},"author":{"name":"Comunicaci\u00f3n","@id":"https:\/\/www.officemadrid.es\/en\/#\/schema\/person\/d59d0464f4a85622a56a3312d1ef4c60"},"headline":"Tom\u00e1s Calvo: \u201cDesde el principio se vio que un Centro de Negocios era la soluci\u00f3n m\u00e1s pr\u00e1ctica y econ\u00f3mica para las caracter\u00edsticas de la empresa\u201d","datePublished":"2016-05-09T09:22:03+00:00","dateModified":"2021-05-24T10:35:21+00:00","mainEntityOfPage":{"@id":"https:\/\/www.officemadrid.es\/en\/tomas-calvo-desde-el-principio-se-vio-que-un-centro-de-negocios-era-la-solucion-mas-practica-y-economica-para-las-caracteristicas-de-la-empresa\/"},"wordCount":481,"commentCount":0,"publisher":{"@id":"https:\/\/www.officemadrid.es\/en\/#organization"},"image":{"@id":"https:\/\/www.officemadrid.es\/en\/tomas-calvo-desde-el-principio-se-vio-que-un-centro-de-negocios-era-la-solucion-mas-practica-y-economica-para-las-caracteristicas-de-la-empresa\/#primaryimage"},"thumbnailUrl":"","keywords":["Ahoro","Centro de negocios","Empresa","madrid","Office Madrid","Oficina","Plataforma Integral Movilidad","Servicios"],"articleSection":["Comunidad OfficeMadrid"],"inLanguage":"en-US","potentialAction":[{"@type":"CommentAction","name":"Comment","target":["https:\/\/www.officemadrid.es\/en\/tomas-calvo-desde-el-principio-se-vio-que-un-centro-de-negocios-era-la-solucion-mas-practica-y-economica-para-las-caracteristicas-de-la-empresa\/#respond"]}]},{"@type":"WebPage","@id":"https:\/\/www.officemadrid.es\/en\/tomas-calvo-desde-el-principio-se-vio-que-un-centro-de-negocios-era-la-solucion-mas-practica-y-economica-para-las-caracteristicas-de-la-empresa\/","url":"https:\/\/www.officemadrid.es\/en\/tomas-calvo-desde-el-principio-se-vio-que-un-centro-de-negocios-era-la-solucion-mas-practica-y-economica-para-las-caracteristicas-de-la-empresa\/","name":"Tom\u00e1s Calvo: \u201cDesde el principio se vio que un Centro de Negocios era la soluci\u00f3n m\u00e1s pr\u00e1ctica y econ\u00f3mica para las caracter\u00edsticas de la empresa\u201d - Office Madrid","isPartOf":{"@id":"https:\/\/www.officemadrid.es\/en\/#website"},"primaryImageOfPage":{"@id":"https:\/\/www.officemadrid.es\/en\/tomas-calvo-desde-el-principio-se-vio-que-un-centro-de-negocios-era-la-solucion-mas-practica-y-economica-para-las-caracteristicas-de-la-empresa\/#primaryimage"},"image":{"@id":"https:\/\/www.officemadrid.es\/en\/tomas-calvo-desde-el-principio-se-vio-que-un-centro-de-negocios-era-la-solucion-mas-practica-y-economica-para-las-caracteristicas-de-la-empresa\/#primaryimage"},"thumbnailUrl":"","datePublished":"2016-05-09T09:22:03+00:00","dateModified":"2021-05-24T10:35:21+00:00","description":"En las instalaciones de Office Madrid \u2013 Centros de Negocios son muchas las empresas o asociaciones de diferentes sectores que conf\u00edan en la fiabilidad...","breadcrumb":{"@id":"https:\/\/www.officemadrid.es\/en\/tomas-calvo-desde-el-principio-se-vio-que-un-centro-de-negocios-era-la-solucion-mas-practica-y-economica-para-las-caracteristicas-de-la-empresa\/#breadcrumb"},"inLanguage":"en-US","potentialAction":[{"@type":"ReadAction","target":["https:\/\/www.officemadrid.es\/en\/tomas-calvo-desde-el-principio-se-vio-que-un-centro-de-negocios-era-la-solucion-mas-practica-y-economica-para-las-caracteristicas-de-la-empresa\/"]}]},{"@type":"ImageObject","inLanguage":"en-US","@id":"https:\/\/www.officemadrid.es\/en\/tomas-calvo-desde-el-principio-se-vio-que-un-centro-de-negocios-era-la-solucion-mas-practica-y-economica-para-las-caracteristicas-de-la-empresa\/#primaryimage","url":"","contentUrl":""},{"@type":"BreadcrumbList","@id":"https:\/\/www.officemadrid.es\/en\/tomas-calvo-desde-el-principio-se-vio-que-un-centro-de-negocios-era-la-solucion-mas-practica-y-economica-para-las-caracteristicas-de-la-empresa\/#breadcrumb","itemListElement":[{"@type":"ListItem","position":1,"name":"Portada","item":"https:\/\/www.officemadrid.es\/en\/"},{"@type":"ListItem","position":2,"name":"Tom\u00e1s Calvo: \u201cDesde el principio se vio que un Centro de Negocios era la soluci\u00f3n m\u00e1s pr\u00e1ctica y econ\u00f3mica para las caracter\u00edsticas de la empresa\u201d"}]},{"@type":"WebSite","@id":"https:\/\/www.officemadrid.es\/en\/#website","url":"https:\/\/www.officemadrid.es\/en\/","name":"Office Madrid","description":"Tu centro de negocios en Madrid","publisher":{"@id":"https:\/\/www.officemadrid.es\/en\/#organization"},"potentialAction":[{"@type":"SearchAction","target":{"@type":"EntryPoint","urlTemplate":"https:\/\/www.officemadrid.es\/en\/?s={search_term_string}"},"query-input":{"@type":"PropertyValueSpecification","valueRequired":true,"valueName":"search_term_string"}}],"inLanguage":"en-US"},{"@type":"Organization","@id":"https:\/\/www.officemadrid.es\/en\/#organization","name":"Office Madrid","url":"https:\/\/www.officemadrid.es\/en\/","logo":{"@type":"ImageObject","inLanguage":"en-US","@id":"https:\/\/www.officemadrid.es\/en\/#\/schema\/logo\/image\/","url":"https:\/\/www.officemadrid.es\/wp-content\/uploads\/office-madrid.png","contentUrl":"https:\/\/www.officemadrid.es\/wp-content\/uploads\/office-madrid.png","width":256,"height":70,"caption":"Office Madrid"},"image":{"@id":"https:\/\/www.officemadrid.es\/en\/#\/schema\/logo\/image\/"}},{"@type":"Person","@id":"https:\/\/www.officemadrid.es\/en\/#\/schema\/person\/d59d0464f4a85622a56a3312d1ef4c60","name":"Comunicaci\u00f3n","image":{"@type":"ImageObject","inLanguage":"en-US","@id":"https:\/\/secure.gravatar.com\/avatar\/dc186aed6ece3a6fff86ffab8f2348477232c5847d3acce03683a46d406bbc31?s=96&d=mm&r=g","url":"https:\/\/secure.gravatar.com\/avatar\/dc186aed6ece3a6fff86ffab8f2348477232c5847d3acce03683a46d406bbc31?s=96&d=mm&r=g","contentUrl":"https:\/\/secure.gravatar.com\/avatar\/dc186aed6ece3a6fff86ffab8f2348477232c5847d3acce03683a46d406bbc31?s=96&d=mm&r=g","caption":"Comunicaci\u00f3n"},"url":"https:\/\/www.officemadrid.es\/en\/author\/cuentas-dz\/"}]}},"_links":{"self":[{"href":"https:\/\/www.officemadrid.es\/en\/wp-json\/wp\/v2\/posts\/528","targetHints":{"allow":["GET"]}}],"collection":[{"href":"https:\/\/www.officemadrid.es\/en\/wp-json\/wp\/v2\/posts"}],"about":[{"href":"https:\/\/www.officemadrid.es\/en\/wp-json\/wp\/v2\/types\/post"}],"author":[{"embeddable":true,"href":"https:\/\/www.officemadrid.es\/en\/wp-json\/wp\/v2\/users\/7"}],"replies":[{"embeddable":true,"href":"https:\/\/www.officemadrid.es\/en\/wp-json\/wp\/v2\/comments?post=528"}],"version-history":[{"count":0,"href":"https:\/\/www.officemadrid.es\/en\/wp-json\/wp\/v2\/posts\/528\/revisions"}],"wp:featuredmedia":[{"embeddable":true,"href":"https:\/\/www.officemadrid.es\/en\/wp-json\/"}],"wp:attachment":[{"href":"https:\/\/www.officemadrid.es\/en\/wp-json\/wp\/v2\/media?parent=528"}],"wp:term":[{"taxonomy":"category","embeddable":true,"href":"https:\/\/www.officemadrid.es\/en\/wp-json\/wp\/v2\/categories?post=528"},{"taxonomy":"post_tag","embeddable":true,"href":"https:\/\/www.officemadrid.es\/en\/wp-json\/wp\/v2\/tags?post=528"}],"curies":[{"name":"wp","href":"https:\/\/api.w.org\/{rel}","templated":true}]}}